{"id":15,"date":"2022-12-09T01:00:00","date_gmt":"2022-12-09T01:00:00","guid":{"rendered":"https:\/\/mytransgenderdate.com\/es\/blog\/?p=15"},"modified":"2026-03-18T23:34:32","modified_gmt":"2026-03-18T23:34:32","slug":"las-personas-trans-mas-famosas-del-mundo","status":"publish","type":"post","link":"https:\/\/mytransgenderdate.com\/es\/blog\/2022\/12\/las-personas-trans-mas-famosas-del-mundo","title":{"rendered":"20+ de las personas transg\u00e9nero m\u00e1s famosas del mundo"},"content":{"rendered":"\n<p>Sin importar cu\u00e1nta discriminaci\u00f3n sufran, las personas transg\u00e9nero siguen avanzando y prosperando. A pesar de ser v\u00edctimas de los estereotipos, la subestimaci\u00f3n y la negatividad, hay esperanza para las personas trans.<\/p>\n\n\n\n<p>Hoy, vas a leer sobre <strong>muchas personas trans que son famosas<\/strong>.<\/p>\n\n\n\n<p>En la lista, no incluimos solamente a mujeres trans. No importa cu\u00e1l es tu g\u00e9nero, si buscas inspiraci\u00f3n, contin\u00faa leyendo.<\/p>\n\n\n\n<h2 class=\"wp-block-heading\">Alexis Arquette<\/h2>\n\n\n\n<p>Alexis, tambi\u00e9n conocida como <strong>Eva Destruction<\/strong>, fue una <a href=\"https:\/\/mytransgenderdate.com\/es\/blog\/2022\/11\/las-actrices-trans-que-debes-conocer\">actriz trans<\/a>. La familia Arquette es una conocida familia de actores de Estados Unidos. Alexis era la <strong>hermana de Patricia Arquette y David Arquette<\/strong>, muy conocidos en Hollywood.<\/p>\n\n\n<div class=\"wp-block-image\">\n<figure class=\"aligncenter size-full\"><img loading=\"lazy\" decoding=\"async\" width=\"900\" height=\"506\" src=\"https:\/\/mytransgenderdate.com\/es\/blog\/wp-content\/uploads\/sites\/6\/2024\/06\/Alexis_Arquette-edited.jpg\" alt=\"Alexis Arquette en el escenario con un mo\u00f1o colorido y atuendo oscuro, cantando al micr\u00f3fono.\" class=\"wp-image-516\" srcset=\"https:\/\/mytransgenderdate.com\/es\/blog\/wp-content\/uploads\/sites\/6\/2024\/06\/Alexis_Arquette-edited.jpg 900w, https:\/\/mytransgenderdate.com\/es\/blog\/wp-content\/uploads\/sites\/6\/2024\/06\/Alexis_Arquette-edited-300x169.jpg 300w, https:\/\/mytransgenderdate.com\/es\/blog\/wp-content\/uploads\/sites\/6\/2024\/06\/Alexis_Arquette-edited-768x432.jpg 768w\" sizes=\"auto, (max-width: 900px) 100vw, 900px\" \/><figcaption class=\"wp-element-caption\"><em>Alexis Arquette: \u201cDo You Really Want To Hurt Me\u201d en&nbsp;The Wedding Singer &#8211; Youtube <a href=\"https:\/\/youtu.be\/3CUNl3S5ns0?si=9CuTHgrJY-OJ1X4Q&amp;t=42\" target=\"_blank\" rel=\"noreferrer noopener\">@ARQUETTEOFFICIAL<\/a><\/em><\/figcaption><\/figure>\n<\/div>\n\n\n<p>Su filmograf\u00eda es bastante extensa, pero uno de sus roles m\u00e1s conocidos fue en <strong>Pulp Fiction<\/strong>. Tambi\u00e9n apareci\u00f3 en las pel\u00edculas <em><a href=\"https:\/\/www.imdb.com\/title\/tt0120888\/\" target=\"_blank\" rel=\"noreferrer noopener\">La mejor de mis bodas<\/a><\/em>, <em><a href=\"https:\/\/www.imdb.com\/title\/tt0150111\/\" target=\"_blank\" rel=\"noreferrer noopener\">Los chicos del ma\u00edz V: Campos de terror<\/a><\/em> y <em><a href=\"https:\/\/www.imdb.com\/title\/tt0144120\/\" target=\"_blank\" rel=\"noreferrer noopener\">La Novia de Chucky<\/a><\/em>.<\/p>\n\n\n\n<p><strong>Sigue a Alexis Arquette:<\/strong> <a href=\"https:\/\/www.youtube.com\/@ARQUETTEOFFICIAL\" target=\"_blank\" rel=\"noreferrer noopener\">Youtube<\/a> | <a href=\"https:\/\/www.imdb.com\/name\/nm0000793\/\" target=\"_blank\" rel=\"noreferrer noopener\">IMDb<\/a><\/p>\n\n\n\n<h2 class=\"wp-block-heading\">Amos Mac<\/h2>\n\n\n\n<p>Amos es un fot\u00f3grafo radicado en la ciudad de Nueva York. Tambi\u00e9n <strong>es escritor y editor<\/strong> en las revistas <em>Original Plumbing<\/em> y <em>Translady<\/em>. Se destaca entre otros fot\u00f3grafos por su talento natural para <a href=\"https:\/\/www.amosmac.com\/photo\" target=\"_blank\" rel=\"noreferrer noopener\">capturar la belleza de las mujeres trans<\/a>.<\/p>\n\n\n<div class=\"wp-block-image\">\n<figure class=\"aligncenter size-full is-resized\"><img loading=\"lazy\" decoding=\"async\" width=\"900\" height=\"506\" src=\"https:\/\/mytransgenderdate.com\/es\/blog\/wp-content\/uploads\/sites\/6\/2022\/11\/Amos_mac-edited.jpg\" alt=\"Amos Mac sonriente con una camisa blanca con un rostro gr\u00e1fico y tatuajes visibles en los antebrazos.\" class=\"wp-image-37\" style=\"width:840px;height:472px\" srcset=\"https:\/\/mytransgenderdate.com\/es\/blog\/wp-content\/uploads\/sites\/6\/2022\/11\/Amos_mac-edited.jpg 900w, https:\/\/mytransgenderdate.com\/es\/blog\/wp-content\/uploads\/sites\/6\/2022\/11\/Amos_mac-edited-300x169.jpg 300w, https:\/\/mytransgenderdate.com\/es\/blog\/wp-content\/uploads\/sites\/6\/2022\/11\/Amos_mac-edited-768x432.jpg 768w\" sizes=\"auto, (max-width: 900px) 100vw, 900px\" \/><figcaption class=\"wp-element-caption\"><em>Amos Mac en un retrato &#8211; Instagram <a href=\"https:\/\/www.instagram.com\/p\/CW_6xKLvZCS\/\" target=\"_blank\" rel=\"noreferrer noopener\">@amosmac<\/a><\/em><\/figcaption><\/figure>\n<\/div>\n\n\n<p>Es muy talentoso, a tal punto que sus fotos ya han aparecido en <em>Vogue<\/em>, <em>The New York Times<\/em>, <em>Out<\/em> y otras revistas populares. Tambi\u00e9n ha colaborado con Juliana Huxtable y Zachary Drucker, y ha trabajado para campa\u00f1as publicitarias de H&amp;M.<\/p>\n\n\n\n<p><strong>Sigue a Amos Mac:<\/strong> <a href=\"https:\/\/www.instagram.com\/amosmac\" target=\"_blank\" rel=\"noreferrer noopener\">Instagram<\/a> | <a href=\"https:\/\/www.imdb.com\/name\/nm5336195\/\" target=\"_blank\" rel=\"noreferrer noopener\">IMDb<\/a> | <a href=\"https:\/\/www.amosmac.com\" target=\"_blank\" rel=\"noreferrer noopener\">Sitio Oficial<\/a><\/p>\n\n\n\n<h2 class=\"wp-block-heading\">Caitlyn Jenner<\/h2>\n\n\n\n<p>El ascenso a la fama de Caitlyn Jenner fue <strong>un poco controvertido<\/strong>. Comenz\u00f3 como <a href=\"https:\/\/www.teamusa.org\/Hall-of-Fame\/Hall-of-Fame-Members\/Bruce-Jenner\" target=\"_blank\" rel=\"noreferrer noopener\">Bruce Jenner, un famoso deportista ol\u00edmpico<\/a> y el padre de la familia en la exitosa serie de televisi\u00f3n <em>Keeping Up with the Kardashians<\/em>. Durante la grabaci\u00f3n del <em>reality<\/em>, <a href=\"https:\/\/www.vanityfair.com\/hollywood\/2015\/06\/caitlyn-jenner-bruce-cover-annie-leibovitz\" target=\"_blank\" rel=\"noreferrer noopener\">sali\u00f3 del closet como mujer trans<\/a>. Cientos de millones de espectadores en todo el mundo vieron el anuncio y la portada de la revista <em>Vanity Fair<\/em> que llevaba el subt\u00edtulo \u00abMe llamo Caitlyn\u00bb.<\/p>\n\n\n<div class=\"wp-block-image\">\n<figure class=\"aligncenter size-full\"><img loading=\"lazy\" decoding=\"async\" width=\"900\" height=\"506\" src=\"https:\/\/mytransgenderdate.com\/es\/blog\/wp-content\/uploads\/sites\/6\/2022\/11\/Caitlyn_Jenner-edited.jpg\" alt=\"Caitlyn Jenner en una pose serena con la mano cerca del cuello, el cabello peinado y un fondo neutro.\" class=\"wp-image-31\" srcset=\"https:\/\/mytransgenderdate.com\/es\/blog\/wp-content\/uploads\/sites\/6\/2022\/11\/Caitlyn_Jenner-edited.jpg 900w, https:\/\/mytransgenderdate.com\/es\/blog\/wp-content\/uploads\/sites\/6\/2022\/11\/Caitlyn_Jenner-edited-300x169.jpg 300w, https:\/\/mytransgenderdate.com\/es\/blog\/wp-content\/uploads\/sites\/6\/2022\/11\/Caitlyn_Jenner-edited-768x432.jpg 768w\" sizes=\"auto, (max-width: 900px) 100vw, 900px\" \/><figcaption class=\"wp-element-caption\"><em><em>Retrato de estudio de Caitlyn Jenner<\/em> &#8211; Facebook <a href=\"https:\/\/www.facebook.com\/photo.php?fbid=292089618942131&amp;set=pb.100044232859226.-2207520000&amp;type=3\" target=\"_blank\" rel=\"noreferrer noopener\">@CaitlynJenner<\/a><\/em><\/figcaption><\/figure>\n<\/div>\n\n\n<p>Junto con los elogios vinieron las cr\u00edticas. Sin embargo, su salida del closet fue de gran ayuda para hacer p\u00fablicos los problemas que enfrentan las personas transg\u00e9nero en medio de tanta prensa negativa. Continu\u00f3 filmando <em>Keeping Up with the Kardashians<\/em> y mostr\u00e1ndole al mundo c\u00f3mo su familia enfrentaba su transici\u00f3n.<\/p>\n\n\n\n<p>Tambi\u00e9n protagoniz\u00f3 su propio <em>reality show<\/em>, <em><a href=\"https:\/\/www.imdb.com\/title\/tt4733278\/\" target=\"_blank\" rel=\"noreferrer noopener\">I am Cait<\/a><\/em>, gracias al que los espectadores pudieron tener una mirada m\u00e1s cercana a su verdadera personalidad.<\/p>\n\n\n\n<p><a href=\"https:\/\/www.instagram.com\/balianbuschbaum\/\" target=\"_blank\" rel=\"noreferrer noopener\">Balian Buschbaum<\/a> es otro atleta trans que se est\u00e1 haciendo un nombre en la industria del deporte.<\/p>\n\n\n\n<p><strong>Sigue a Caitlyn Jenner:<\/strong>&nbsp;<a href=\"https:\/\/www.facebook.com\/CaitlynJenner\" target=\"_blank\" rel=\"noreferrer noopener\">Facebook<\/a>&nbsp;|&nbsp;<a href=\"https:\/\/www.instagram.com\/caitlynjenner\" target=\"_blank\" rel=\"noreferrer noopener\">Instagram<\/a>&nbsp;|&nbsp;<a href=\"https:\/\/www.youtube.com\/@CaitlynJenner\" target=\"_blank\" rel=\"noreferrer noopener\">Youtube<\/a>&nbsp;|&nbsp;<a href=\"https:\/\/www.imdb.com\/name\/nm0421063\/\" target=\"_blank\" rel=\"noreferrer noopener\">IMDb<\/a><\/p>\n\n\n\n<h2 class=\"wp-block-heading\">Candis Cayne<\/h2>\n\n\n\n<p>Candis Cayne tambi\u00e9n <strong>aparece en el <em>reality<\/em> de Caitlyn Jenner<\/strong>, en el que la presentan como su novia. Pero antes de formar <a href=\"https:\/\/mytransgenderdate.com\/es\">una pareja trans<\/a>, Candis se estaba haciendo conocida como actriz de televisi\u00f3n.<\/p>\n\n\n<div class=\"wp-block-image\">\n<figure class=\"aligncenter size-full\"><img loading=\"lazy\" decoding=\"async\" width=\"1000\" height=\"562\" src=\"https:\/\/mytransgenderdate.com\/es\/blog\/wp-content\/uploads\/sites\/6\/2022\/12\/Candis_Cayne-edited.jpg\" alt=\"Candis Cayne sonriendo en una selfie de primer plano, con aretes de aro y una chaqueta de cuadros sobre una blusa verde.\" class=\"wp-image-1060\" srcset=\"https:\/\/mytransgenderdate.com\/es\/blog\/wp-content\/uploads\/sites\/6\/2022\/12\/Candis_Cayne-edited.jpg 1000w, https:\/\/mytransgenderdate.com\/es\/blog\/wp-content\/uploads\/sites\/6\/2022\/12\/Candis_Cayne-edited-300x169.jpg 300w, https:\/\/mytransgenderdate.com\/es\/blog\/wp-content\/uploads\/sites\/6\/2022\/12\/Candis_Cayne-edited-768x432.jpg 768w\" sizes=\"auto, (max-width: 1000px) 100vw, 1000px\" \/><figcaption class=\"wp-element-caption\"><em>Candis Cayne celebra la Navidad \u2013 Instagram&nbsp;<a href=\"https:\/\/www.instagram.com\/p\/Br0WeMiHuGc\/\" target=\"_blank\" rel=\"noreferrer noopener\">@candiscayne<\/a><\/em><\/figcaption><\/figure>\n<\/div>\n\n\n<p>Naci\u00f3 el 29 de agosto de 1971 en Maui, Haw\u00e1i, Estados Unidos. Comenz\u00f3 su carrera actuando y haciendo <em>drag<\/em> en clubes nocturnos de Nueva York, y sali\u00f3 del closet como mujer trans en 1996.<\/p>\n\n\n\n<p>Salt\u00f3 a la fama despu\u00e9s de interpretar el papel de una amante, Carmelita, en la exitosa serie de ABC <em><a href=\"https:\/\/www.imdb.com\/title\/tt0960136\/\" target=\"_blank\" rel=\"noreferrer noopener\">Dirty Sexy Money<\/a><\/em>.<\/p>\n\n\n\n<p><strong>Sigue a Candis Cayne:<\/strong>&nbsp; <a href=\"https:\/\/www.instagram.com\/candiscayne\/\" target=\"_blank\" rel=\"noreferrer noopener\">Instagram<\/a>&nbsp;|&nbsp;<a href=\"https:\/\/www.threads.com\/@candiscayne\" target=\"_blank\" rel=\"noreferrer noopener\">Threads<\/a>&nbsp;|&nbsp;<a href=\"https:\/\/x.com\/candiscayne\" target=\"_blank\" rel=\"noreferrer noopener\">X<\/a>&nbsp;|&nbsp;<a href=\"https:\/\/www.imdb.com\/name\/nm0147307\/\" target=\"_blank\" rel=\"noreferrer noopener\">IMDb<\/a>&nbsp;|&nbsp;<a href=\"http:\/\/candiscayne.tv\" target=\"_blank\" rel=\"noreferrer noopener\">Sitio Oficial<\/a><\/p>\n\n\n\n<h2 class=\"wp-block-heading\">Cooper Lee Bombardier<\/h2>\n\n\n\n<p>Cooper es un conocido <strong>escritor y artista visual<\/strong>. <em>HuffPost<\/em> lo incluy\u00f3 en su lista de <a href=\"https:\/\/www.huffpost.com\/entry\/trans-artists_n_5023294\" target=\"_blank\" rel=\"noreferrer noopener\">los 10 artistas transg\u00e9nero que est\u00e1n cambiando la escena del arte contempor\u00e1neo<\/a>. Antes de ser artista, trabaj\u00f3 como:<\/p>\n\n\n\n<ul class=\"wp-block-list\">\n<li>soldador<\/li>\n\n\n\n<li>lavaplatos<\/li>\n\n\n\n<li>tramoyista<\/li>\n\n\n\n<li>cocinero<\/li>\n\n\n\n<li>carpintero<\/li>\n\n\n\n<li>pintor de casas<\/li>\n\n\n\n<li>y camionero<\/li>\n<\/ul>\n\n\n<div class=\"wp-block-image\">\n<figure class=\"aligncenter size-full\"><img loading=\"lazy\" decoding=\"async\" width=\"900\" height=\"506\" src=\"https:\/\/mytransgenderdate.com\/es\/blog\/wp-content\/uploads\/sites\/6\/2022\/12\/Cooper_Lee_Bombardier_x2_low-edited.jpg\" alt=\"Cooper Lee Bombardier con barba, gafas y gorra, vistiendo una camisa a cuadros al aire libre.\" class=\"wp-image-1065\" srcset=\"https:\/\/mytransgenderdate.com\/es\/blog\/wp-content\/uploads\/sites\/6\/2022\/12\/Cooper_Lee_Bombardier_x2_low-edited.jpg 900w, https:\/\/mytransgenderdate.com\/es\/blog\/wp-content\/uploads\/sites\/6\/2022\/12\/Cooper_Lee_Bombardier_x2_low-edited-300x169.jpg 300w, https:\/\/mytransgenderdate.com\/es\/blog\/wp-content\/uploads\/sites\/6\/2022\/12\/Cooper_Lee_Bombardier_x2_low-edited-768x432.jpg 768w\" sizes=\"auto, (max-width: 900px) 100vw, 900px\" \/><figcaption class=\"wp-element-caption\"><em>Cooper Lee Bombardier fotografiado en un entorno exterior informal \u2013&nbsp;<a href=\"https:\/\/www.cooperleebombardier.com\" target=\"_blank\" rel=\"noreferrer noopener\">cooperleebombardier.com<\/a><\/em><\/figcaption><\/figure>\n<\/div>\n\n\n<p>Todas esas experiencias lo han convertido en el c\u00e9lebre artista que es hoy en d\u00eda. Le explic\u00f3 a <em>HuffPost<\/em> que su obra<\/p>\n\n\n\n<blockquote class=\"wp-block-quote is-layout-flow wp-block-quote-is-layout-flow\">\n<p><em>\u2026se ocupa de temas como el g\u00e9nero, la masculinidad y la hombr\u00eda; la supervivencia, la resiliencia y la sanaci\u00f3n; de la yuxtaposiciones entre cultura e identidad; de la experiencia f\u00edsica y el posicionamiento del cuerpo queer en el mundo; y del trabajo y c\u00f3mo lo que hacemos por dinero da forma a lo que somos. Mi obra trata sobre los viajes: los que son por la carretera, en comunidad; los del cuerpo y el coraz\u00f3n; y el viaje sin fin para conocerse a uno mismo.<\/em><\/p>\n<\/blockquote>\n\n\n\n<p><strong>Sigue a Cooper Lee Bombardier:<\/strong> <a href=\"https:\/\/www.cooperleebombardier.com\" target=\"_blank\" rel=\"noreferrer noopener\">Sitio Oficial<\/a><\/p>\n\n\n\n<h2 class=\"wp-block-heading\">Geraldine Roman<\/h2>\n\n\n\n<p>Geraldine es la primera persona abiertamente <strong>transg\u00e9nero en la pol\u00edtica filipina<\/strong>. Es una congresista que pelea por los derechos de las personas trans, los derechos humanos y la igualdad.<\/p>\n\n\n<div class=\"wp-block-image\">\n<figure class=\"aligncenter size-full\"><img loading=\"lazy\" decoding=\"async\" width=\"900\" height=\"506\" src=\"https:\/\/mytransgenderdate.com\/es\/blog\/wp-content\/uploads\/sites\/6\/2024\/06\/Geraldine_Roman-edited.jpg\" alt=\"Geraldine Roman con blusa rosa, sosteniendo un micr\u00f3fono y hablando ante un p\u00fablico sentado en un espacio interior.\" class=\"wp-image-521\" srcset=\"https:\/\/mytransgenderdate.com\/es\/blog\/wp-content\/uploads\/sites\/6\/2024\/06\/Geraldine_Roman-edited.jpg 900w, https:\/\/mytransgenderdate.com\/es\/blog\/wp-content\/uploads\/sites\/6\/2024\/06\/Geraldine_Roman-edited-300x169.jpg 300w, https:\/\/mytransgenderdate.com\/es\/blog\/wp-content\/uploads\/sites\/6\/2024\/06\/Geraldine_Roman-edited-768x432.jpg 768w\" sizes=\"auto, (max-width: 900px) 100vw, 900px\" \/><figcaption class=\"wp-element-caption\"><em>Geraldine Roman lidera un evento p\u00fablico en Bataan &#8211; Instagram <a href=\"https:\/\/www.instagram.com\/p\/C4K6ldvNZw9\/?img_index=1\" target=\"_blank\" rel=\"noreferrer noopener\">@geraldinebroman<\/a><\/em><\/figcaption><\/figure>\n<\/div>\n\n\n<p>Gracias a su lucha para proteger a las mujeres transg\u00e9nero filipinas que sufrieron acoso, ha logrado instaurar algunas leyes.<\/p>\n\n\n\n<p><strong>Sigue a Geraldine Roman:<\/strong> <a href=\"https:\/\/www.facebook.com\/GeraldineBRoman\" target=\"_blank\" rel=\"noreferrer noopener\">Facebook<\/a> | <a href=\"https:\/\/www.instagram.com\/geraldinebroman\/\" target=\"_blank\" rel=\"noreferrer noopener\">Instagram<\/a> | <a href=\"https:\/\/www.tiktok.com\/@geraldineromantik\" target=\"_blank\" rel=\"noreferrer noopener\">TikTok<\/a><\/p>\n\n\n\n<h2 class=\"wp-block-heading\">Harisu<\/h2>\n\n\n\n<p>Mientras que Kim Petras es popular en Occidente, Harisu fue una de las primeras <strong>mujeres trans famosas en la industria de la m\u00fasica en Asia<\/strong>. Se hizo conocida en Corea del Sur luego de aparecer en un comercial para una empresa de cosm\u00e9ticos. En 2001, salt\u00f3 a la fama y pas\u00f3 de ser modelo a formar parte de la industria de la m\u00fasica.<\/p>\n\n\n<div class=\"wp-block-image\">\n<figure class=\"aligncenter size-full\"><img loading=\"lazy\" decoding=\"async\" width=\"900\" height=\"506\" src=\"https:\/\/mytransgenderdate.com\/es\/blog\/wp-content\/uploads\/sites\/6\/2022\/11\/ha_ri_su-edited.jpg\" alt=\"Harisu posa con un micr\u00f3fono vintage en un campo, mientras un baterista toca detr\u00e1s de ella una bater\u00eda Re:Su.\" class=\"wp-image-1030\" srcset=\"https:\/\/mytransgenderdate.com\/es\/blog\/wp-content\/uploads\/sites\/6\/2022\/11\/ha_ri_su-edited.jpg 900w, https:\/\/mytransgenderdate.com\/es\/blog\/wp-content\/uploads\/sites\/6\/2022\/11\/ha_ri_su-edited-300x169.jpg 300w, https:\/\/mytransgenderdate.com\/es\/blog\/wp-content\/uploads\/sites\/6\/2022\/11\/ha_ri_su-edited-768x432.jpg 768w\" sizes=\"auto, (max-width: 900px) 100vw, 900px\" \/><figcaption class=\"wp-element-caption\"><em><em>Harisu en un campo esc\u00e9nico durante una presentaci\u00f3n \u2013 Instagram&nbsp;<a href=\"https:\/\/www.instagram.com\/p\/BjZe7n2nRTx\/\" target=\"_blank\" rel=\"noreferrer noopener\">@risu_ha<\/a><\/em><\/em><\/figcaption><\/figure>\n<\/div>\n\n\n<p>Sus hermosas visuales la ayudaron a impulsar su carrera como estrella pop y cantante de techno y de R&amp;B. Sin embargo, su paso por la m\u00fasica fue corto, ya que sigui\u00f3 otro camino y se convirti\u00f3 en actriz.<\/p>\n\n\n\n<p><strong>Sigue a Harisu:<\/strong>&nbsp;<a href=\"https:\/\/www.instagram.com\/risu_ha\/\" target=\"_blank\" rel=\"noreferrer noopener\">Instagram<\/a>&nbsp;|&nbsp;<a href=\"https:\/\/www.threads.com\/@risu_ha\" target=\"_blank\" rel=\"noreferrer noopener\">Threads<\/a>&nbsp;|&nbsp;<a href=\"https:\/\/www.youtube.com\/c\/\ud558\ub9ac\uc218TV\" target=\"_blank\" rel=\"noreferrer noopener\">Youtube<\/a>&nbsp;|&nbsp;<a href=\"https:\/\/www.imdb.com\/name\/nm1040215\/\" target=\"_blank\" rel=\"noreferrer noopener\">IMDb<\/a><\/p>\n\n\n\n<h2 class=\"wp-block-heading\">Hunter Schafer<\/h2>\n\n\n\n<p>No hay dudas de que esta estrella brill\u00f3 en 2022, el a\u00f1o en que <em>Euphoria<\/em> se convirti\u00f3 en una de [las series de televisi\u00f3n m\u00e1s comentadas. Muchos cines siguen cerrados, por lo que las series de televisi\u00f3n est\u00e1n recibiendo m\u00e1s atenci\u00f3n. Adem\u00e1s <em>Euphoria<\/em> da qu\u00e9 pensar. Si sumamos eso a la impecable interpretaci\u00f3n de Jules, su personaje, no es ninguna sorpresa que Hunter sea una de las celebridades trans m\u00e1s de moda en Hollywood.<\/p>\n\n\n<div class=\"wp-block-image\">\n<figure class=\"aligncenter size-full\"><img loading=\"lazy\" decoding=\"async\" width=\"882\" height=\"496\" src=\"https:\/\/mytransgenderdate.com\/es\/blog\/wp-content\/uploads\/sites\/6\/2022\/11\/Hunter_Schafer-1.jpg\" alt=\"Hunter Schafer posando al aire libre con luz natural suave, usando guantes largos sin dedos y mirando con calma a la c\u00e1mara.\" class=\"wp-image-105\" srcset=\"https:\/\/mytransgenderdate.com\/es\/blog\/wp-content\/uploads\/sites\/6\/2022\/11\/Hunter_Schafer-1.jpg 882w, https:\/\/mytransgenderdate.com\/es\/blog\/wp-content\/uploads\/sites\/6\/2022\/11\/Hunter_Schafer-1-300x169.jpg 300w, https:\/\/mytransgenderdate.com\/es\/blog\/wp-content\/uploads\/sites\/6\/2022\/11\/Hunter_Schafer-1-768x432.jpg 768w\" sizes=\"auto, (max-width: 882px) 100vw, 882px\" \/><figcaption class=\"wp-element-caption\"><em>Hunter Schafer posa para&nbsp;The New York Times&nbsp;\u2013 Instagram&nbsp;<a href=\"https:\/\/www.instagram.com\/p\/BjbETMDA8LD\/\" target=\"_blank\" rel=\"noreferrer noopener\">@hunterschafer<\/a><\/em><\/figcaption><\/figure>\n<\/div>\n\n\n<p>Adem\u00e1s de ser una actriz de primera, tambi\u00e9n es modelo. Ha trabajado para muchas marcas de primer nivel, como Prada, Dior y Calvin Klein.<\/p>\n\n\n\n<p><strong>Sigue a Hunter Schafer:<\/strong>&nbsp;<a href=\"https:\/\/www.instagram.com\/hunterschafer\/\" target=\"_blank\" rel=\"noreferrer noopener\">Instagram<\/a>&nbsp;|&nbsp;<a href=\"https:\/\/www.imdb.com\/name\/nm9476408\/\" target=\"_blank\" rel=\"noreferrer noopener\">IMDb<\/a><\/p>\n\n\n\n<h2 class=\"wp-block-heading\">Jazz Jennings<\/h2>\n\n\n\n<p>Jazz tuvo un comienzo en la industria del entretenimiento similar al de Kim Petras: se hizo famosa con el estreno de <a href=\"https:\/\/www.imdb.com\/title\/tt2095662\/\" target=\"_blank\" rel=\"noreferrer noopener\">un documental sobre su vida en TLC<\/a> <strong>cuando era una ni\u00f1a transg\u00e9nero en transici\u00f3n<\/strong>. Millones de estadounidenses que quer\u00edan saber c\u00f3mo es descubrir la identidad de g\u00e9nero a una edad muy temprana miraron el documental.<\/p>\n\n\n<div class=\"wp-block-image\">\n<figure class=\"aligncenter size-full\"><img loading=\"lazy\" decoding=\"async\" width=\"900\" height=\"506\" src=\"https:\/\/mytransgenderdate.com\/es\/blog\/wp-content\/uploads\/sites\/6\/2022\/12\/Jazz_Jennings_featured-edited.jpg\" alt=\"Jazz Jennings sonriendo frente a un fondo arco\u00edris, con el rostro pintado con colores del Orgullo.\" class=\"wp-image-1078\" srcset=\"https:\/\/mytransgenderdate.com\/es\/blog\/wp-content\/uploads\/sites\/6\/2022\/12\/Jazz_Jennings_featured-edited.jpg 900w, https:\/\/mytransgenderdate.com\/es\/blog\/wp-content\/uploads\/sites\/6\/2022\/12\/Jazz_Jennings_featured-edited-300x169.jpg 300w, https:\/\/mytransgenderdate.com\/es\/blog\/wp-content\/uploads\/sites\/6\/2022\/12\/Jazz_Jennings_featured-edited-768x432.jpg 768w\" sizes=\"auto, (max-width: 900px) 100vw, 900px\" \/><figcaption class=\"wp-element-caption\"><em>Jazz Jennings celebra el Orgullo con una sonrisa radiante \u2013 Instagram&nbsp;<a href=\"https:\/\/www.instagram.com\/p\/BGsYnOIlk44\/\" target=\"_blank\" rel=\"noreferrer noopener\">@jazzjennings_<\/a><\/em><\/figcaption><\/figure>\n<\/div>\n\n\n<p>En la actualidad, es una activista y celebridad muy activa en las redes sociales, con m\u00e1s de <strong>un mill\u00f3n de seguidores<\/strong> en Instagram.<\/p>\n\n\n\n<p><strong>Sigue a Jazz Jennings:<\/strong> <a href=\"https:\/\/www.facebook.com\/Jazztrans\/\" target=\"_blank\" rel=\"noreferrer noopener\">Facebook<\/a> | <a href=\"https:\/\/www.instagram.com\/jazzjennings_\/\" target=\"_blank\" rel=\"noreferrer noopener\">Instagram<\/a> | <a href=\"https:\/\/www.youtube.com\/@JazzJennings22\" target=\"_blank\" rel=\"noreferrer noopener\">Youtube<\/a> | <a href=\"https:\/\/www.tiktok.com\/@jazzjennings\" target=\"_blank\" rel=\"noreferrer noopener\">TikTok<\/a> | <a href=\"https:\/\/www.imdb.com\/name\/nm3881257\/\" target=\"_blank\" rel=\"noreferrer noopener\">IMDb<\/a><\/p>\n\n\n\n<h2 class=\"wp-block-heading\">Kim Petras<\/h2>\n\n\n\n<p>Kim es una estrella pop alemana. Salt\u00f3 a la fama a partir de un documental sobre <strong>su transici\u00f3n m\u00e9dica<\/strong>. Sin embargo, <a href=\"https:\/\/mytransgenderdate.com\/es\/blog\/2023\/01\/como-es-una-cirugia-de-reafirmacion-de-genero\">la cirug\u00eda de reasignaci\u00f3n de g\u00e9nero<\/a> y <a href=\"https:\/\/mytransgenderdate.com\/es\/blog\/2023\/01\/que-es-la-terapia-hormonal-transgenero\">los tratamientos hormonales<\/a> no son los \u00fanicos motivos por los que es famosa.<\/p>\n\n\n\n<p>Es una de las cantantes y compositoras m\u00e1s buscadas en la industria musical.<\/p>\n\n\n<div class=\"wp-block-image\">\n<figure class=\"aligncenter size-full\"><img loading=\"lazy\" decoding=\"async\" width=\"900\" height=\"506\" src=\"https:\/\/mytransgenderdate.com\/es\/blog\/wp-content\/uploads\/sites\/6\/2024\/06\/Kim_Petras-edited.jpg\" alt=\"Kim Petras con vestido negro adornado con perlas y peinado colmena retro, posando en un camerino con espejos iluminados.\" class=\"wp-image-509\" srcset=\"https:\/\/mytransgenderdate.com\/es\/blog\/wp-content\/uploads\/sites\/6\/2024\/06\/Kim_Petras-edited.jpg 900w, https:\/\/mytransgenderdate.com\/es\/blog\/wp-content\/uploads\/sites\/6\/2024\/06\/Kim_Petras-edited-300x169.jpg 300w, https:\/\/mytransgenderdate.com\/es\/blog\/wp-content\/uploads\/sites\/6\/2024\/06\/Kim_Petras-edited-768x432.jpg 768w\" sizes=\"auto, (max-width: 900px) 100vw, 900px\" \/><figcaption class=\"wp-element-caption\"><em>Kim Petras mezcla glamour retro con un toque futurista \u2013 Facebook&nbsp;<a href=\"https:\/\/www.facebook.com\/KimPetras\/photos\/pb.100044166112665.-2207520000\/997159417464739\/?type=3\" target=\"_blank\" rel=\"noreferrer noopener\">@KimPetras<\/a><\/em><\/figcaption><\/figure>\n<\/div>\n\n\n<p>Sus canciones no solo son populares en Europa, ya que ha logrado llegar a lo m\u00e1s alto de la lista Billboard estadounidense. Kim hace m\u00fasica pop, electro-pop y m\u00fasica dance electr\u00f3nica. Su voz y su cara son bell\u00edsimas, y han hecho posible que alcance el \u00e9xito. Tambi\u00e9n ha colaborado con grandes estrellas, como Charli XCX, Jesse St. John y Sophie.<\/p>\n\n\n\n<p><strong>Sigue a Kim Petras:<\/strong>&nbsp;<a href=\"https:\/\/www.facebook.com\/KimPetras\/\" target=\"_blank\" rel=\"noreferrer noopener\">Facebook<\/a>&nbsp;|&nbsp;<a href=\"https:\/\/www.instagram.com\/kimpetras\/\" target=\"_blank\" rel=\"noreferrer noopener\">Instagram<\/a>&nbsp;|&nbsp;<a href=\"https:\/\/www.youtube.com\/@kimpetras\" target=\"_blank\" rel=\"noreferrer noopener\">Youtube<\/a>&nbsp;|&nbsp;<a href=\"https:\/\/www.tiktok.com\/@kimpetras\" target=\"_blank\" rel=\"noreferrer noopener\">TikTok<\/a>&nbsp;|&nbsp;<a href=\"https:\/\/www.kimpetras.com\" target=\"_blank\" rel=\"noreferrer noopener\">Sitio Oficial<\/a><\/p>\n\n\n\n<h2 class=\"wp-block-heading\">Laith Ashley<\/h2>\n\n\n\n<p>Nacido en 1989, Laith Ashley De La Cruz es <strong>el gal\u00e1n transg\u00e9nero m\u00e1s popular<\/strong> en la industria del modelaje. Ha trabajado con muchas marcas de renombre mundial como Calvin Klein y Diesel. Su carrera tambi\u00e9n lo llev\u00f3 a trabajar con el gran fot\u00f3grafo David LaChapelle.<\/p>\n\n\n<div class=\"wp-block-image\">\n<figure class=\"aligncenter size-full\"><img loading=\"lazy\" decoding=\"async\" width=\"900\" height=\"506\" src=\"https:\/\/mytransgenderdate.com\/es\/blog\/wp-content\/uploads\/sites\/6\/2022\/11\/Laith_Ashley-edited.jpg\" alt=\"Laith Ashley sentado en un sof\u00e1 blanco al aire libre con una taza de caf\u00e9, sonriendo de forma relajada.\" class=\"wp-image-56\" srcset=\"https:\/\/mytransgenderdate.com\/es\/blog\/wp-content\/uploads\/sites\/6\/2022\/11\/Laith_Ashley-edited.jpg 900w, https:\/\/mytransgenderdate.com\/es\/blog\/wp-content\/uploads\/sites\/6\/2022\/11\/Laith_Ashley-edited-300x169.jpg 300w, https:\/\/mytransgenderdate.com\/es\/blog\/wp-content\/uploads\/sites\/6\/2022\/11\/Laith_Ashley-edited-768x432.jpg 768w\" sizes=\"auto, (max-width: 900px) 100vw, 900px\" \/><figcaption class=\"wp-element-caption\"><em>Laith Ashley en una terraza en Los \u00c1ngeles &#8211; Facebook <a href=\"https:\/\/www.facebook.com\/laithashley\/photos\/pb.100044511936420.-2207520000\/5080996898631459\/?type=3\" target=\"_blank\" rel=\"noreferrer noopener\">@laithashley<\/a><\/em><\/figcaption><\/figure>\n<\/div>\n\n\n<p>Muchas revistas de moda hicieron mucho alboroto alrededor de su apariencia, incluidas <em>Vogue France<\/em>, <em>British GQ<\/em>, <em>Elle UK<\/em> y <em>Out Magazine<\/em>. Pero Laith no usa su fama solo para posar frente a las c\u00e1maras. Adem\u00e1s <strong>es un activista que defiende los derechos de las personas transg\u00e9nero<\/strong> y tambi\u00e9n incursiona en la actuaci\u00f3n y la m\u00fasica.<\/p>\n\n\n\n<p><strong>Sigue a Laith Ashley:<\/strong> <a href=\"https:\/\/www.facebook.com\/laithashley\/\" target=\"_blank\" rel=\"noreferrer noopener\">Facebook<\/a> | <a href=\"https:\/\/www.instagram.com\/laith_ashley\/\" target=\"_blank\" rel=\"noreferrer noopener\">Instagram<\/a> | <a href=\"https:\/\/www.tiktok.com\/@laith_ashley\" target=\"_blank\" rel=\"noreferrer noopener\">TikTok<\/a><\/p>\n\n\n\n<h2 class=\"wp-block-heading\">Laverne Cox<\/h2>\n\n\n\n<p>Laverne ha hecho numerosos avances en la industria del entretenimiento. Es una de <strong>las celebridades m\u00e1s respetadas y buscadas actualmente en Hollywood<\/strong>. No solo es popular por protagonizar programas de televisi\u00f3n exitosos: tambi\u00e9n es conocida por sus declaraciones pol\u00edticas e inspiradoras.<\/p>\n\n\n<div class=\"wp-block-image\">\n<figure class=\"aligncenter size-full\"><img loading=\"lazy\" decoding=\"async\" width=\"900\" height=\"506\" src=\"https:\/\/mytransgenderdate.com\/es\/blog\/wp-content\/uploads\/sites\/6\/2023\/03\/laverne_cox-edited.jpg\" alt=\"Laverne Cox con un blazer-vestido negro entallado con cortes, posando con confianza.\" class=\"wp-image-303\" srcset=\"https:\/\/mytransgenderdate.com\/es\/blog\/wp-content\/uploads\/sites\/6\/2023\/03\/laverne_cox-edited.jpg 900w, https:\/\/mytransgenderdate.com\/es\/blog\/wp-content\/uploads\/sites\/6\/2023\/03\/laverne_cox-edited-300x169.jpg 300w, https:\/\/mytransgenderdate.com\/es\/blog\/wp-content\/uploads\/sites\/6\/2023\/03\/laverne_cox-edited-768x432.jpg 768w\" sizes=\"auto, (max-width: 900px) 100vw, 900px\" \/><figcaption class=\"wp-element-caption\"><em>Laverne Cox llamando la atenci\u00f3n con un dise\u00f1o de Mugler \u2013 Instagram&nbsp;<a href=\"https:\/\/www.instagram.com\/p\/CZkrO0MP4ek\/\" target=\"_blank\" rel=\"noreferrer noopener\">@lavernecox<\/a><\/em><\/figcaption><\/figure>\n<\/div>\n\n\n<p>Naci\u00f3 el 29 de mayo de 1972 en Alabama, Estados Unidos, y estudi\u00f3 en la Alabama School of Fine Arts. Laverne se hizo conocida por el papel de Sophia Burset en la exitosa serie de televisi\u00f3n <em><a href=\"https:\/\/www.imdb.com\/title\/tt2372162\/\" target=\"_blank\" rel=\"noreferrer noopener\">Orange is the New Black<\/a><\/em>. En 2015, <strong>gan\u00f3 un Emmy<\/strong> por producir <em>Laverne Cox Presents: The T Word<\/em> y es la primera persona abiertamente transg\u00e9nero en <a href=\"https:\/\/www.emmys.com\/bios\/laverne-cox\" target=\"_blank\" rel=\"noreferrer noopener\">recibir una nominaci\u00f3n al Emmy<\/a> en actuaci\u00f3n.<\/p>\n\n\n\n<p><strong>Sigue a Laverne Cox:<\/strong>&nbsp;<a href=\"https:\/\/www.instagram.com\/lavernecox\/\" target=\"_blank\" rel=\"noreferrer noopener\">Instagram<\/a>&nbsp;|&nbsp;<a href=\"https:\/\/www.threads.com\/@lavernecox\" target=\"_blank\" rel=\"noreferrer noopener\">Threads<\/a>&nbsp;|&nbsp;<a href=\"https:\/\/www.youtube.com\/@lavernecox\" target=\"_blank\" rel=\"noreferrer noopener\">Youtube<\/a>&nbsp;|&nbsp;<a href=\"https:\/\/www.tiktok.com\/@lavernecox\" target=\"_blank\" rel=\"noreferrer noopener\">TikTok<\/a>&nbsp;|&nbsp;<a href=\"https:\/\/lavernecox.com\" target=\"_blank\" rel=\"noreferrer noopener\">Sitio Oficial<\/a><\/p>\n\n\n\n<h2 class=\"wp-block-heading\">Laxmi Narayan Tripathi<\/h2>\n\n\n\n<p>A diferencia de Geraldine, Laxmi no trabaja en la funci\u00f3n p\u00fablica. Sin embargo, fue <strong>la primera persona transg\u00e9nero en representar a Asia-Pac\u00edfico en la ONU, en 2008<\/strong>. Adem\u00e1s, es una conocida activista por los derechos humanos en la India y ha aparecido en numerosos documentales internacionales.<\/p>\n\n\n<div class=\"wp-block-image\">\n<figure class=\"aligncenter size-full\"><img loading=\"lazy\" decoding=\"async\" width=\"1024\" height=\"576\" src=\"https:\/\/mytransgenderdate.com\/es\/blog\/wp-content\/uploads\/sites\/6\/2022\/12\/Laxmi_3-edited-1024x576-1.jpg\" alt=\"Laxmi Narayan Tripathi sentada con las piernas cruzadas, con un sari dorado y amarillo, bajo luces rosadas.\" class=\"wp-image-1069\" srcset=\"https:\/\/mytransgenderdate.com\/es\/blog\/wp-content\/uploads\/sites\/6\/2022\/12\/Laxmi_3-edited-1024x576-1.jpg 1024w, https:\/\/mytransgenderdate.com\/es\/blog\/wp-content\/uploads\/sites\/6\/2022\/12\/Laxmi_3-edited-1024x576-1-300x169.jpg 300w, https:\/\/mytransgenderdate.com\/es\/blog\/wp-content\/uploads\/sites\/6\/2022\/12\/Laxmi_3-edited-1024x576-1-768x432.jpg 768w\" sizes=\"auto, (max-width: 1024px) 100vw, 1024px\" \/><figcaption class=\"wp-element-caption\"><em>Laxmi Narayan Tripathi con atuendo tradicional \u2013 Instagram&nbsp;<a href=\"https:\/\/www.instagram.com\/p\/CxH0rLQI3ed\/\" target=\"_blank\" rel=\"noreferrer noopener\">@laxminarayan_tripathi<\/a><\/em><\/figcaption><\/figure>\n<\/div>\n\n\n<p>Gracias a su lucha, la India reconoci\u00f3 a las personas transg\u00e9nero como parte del tercer g\u00e9nero, lo que les da acceso a mejores oportunidades y las protege contra la discriminaci\u00f3n de g\u00e9nero.<\/p>\n\n\n\n<p><strong>Sigue a Laxmi Narayan Tripathi:<\/strong>&nbsp;<a href=\"https:\/\/www.facebook.com\/laxmi.n.tripathi\/\" target=\"_blank\" rel=\"noreferrer noopener\">Facebook<\/a>&nbsp;|&nbsp;<a href=\"https:\/\/www.instagram.com\/laxminarayan_tripathi\/\" target=\"_blank\" rel=\"noreferrer noopener\">Instagram<\/a>&nbsp;|&nbsp;<a href=\"https:\/\/www.threads.com\/@laxminarayan_tripathi\" target=\"_blank\" rel=\"noreferrer noopener\">Threads<\/a><\/p>\n\n\n\n<h2 class=\"wp-block-heading\">Lucas Silveira<\/h2>\n\n\n\n<p>Es <strong>el primer hombre transg\u00e9nero en firmar con un sello discogr\u00e1fico importante<\/strong>. Su banda, The Cliks, ha lanzado grandes \u00e9xitos, como \u00abDirty King\u00bb, \u00abComplicated\u00bb y \u00abOh Yeah\u00bb.<br>Naci\u00f3 en Canad\u00e1 y es hijo de padres portugueses. De peque\u00f1o, fue a escuelas cat\u00f3licas.<\/p>\n\n\n<div class=\"wp-block-image\">\n<figure class=\"aligncenter size-full\"><img loading=\"lazy\" decoding=\"async\" width=\"980\" height=\"551\" src=\"https:\/\/mytransgenderdate.com\/es\/blog\/wp-content\/uploads\/sites\/6\/2022\/11\/Lucas_Silveria-edited.jpg\" alt=\"Lucas Silveira de pie frente a una pared blanca con camisa Fred Perry, posando para la campa\u00f1a Anchor.\" class=\"wp-image-21\" srcset=\"https:\/\/mytransgenderdate.com\/es\/blog\/wp-content\/uploads\/sites\/6\/2022\/11\/Lucas_Silveria-edited.jpg 980w, https:\/\/mytransgenderdate.com\/es\/blog\/wp-content\/uploads\/sites\/6\/2022\/11\/Lucas_Silveria-edited-300x169.jpg 300w, https:\/\/mytransgenderdate.com\/es\/blog\/wp-content\/uploads\/sites\/6\/2022\/11\/Lucas_Silveria-edited-768x432.jpg 768w\" sizes=\"auto, (max-width: 980px) 100vw, 980px\" \/><figcaption class=\"wp-element-caption\"><em>Lucas Silveira para la campa\u00f1a Anchor &#8211; Facebook <a href=\"https:\/\/www.facebook.com\/thecliks\/photos\/pb.100063482173910.-2207520000\/10155237869234824\/?type=3\" target=\"_blank\" rel=\"noreferrer noopener\">@thecliks<\/a><\/em><\/figcaption><\/figure>\n<\/div>\n\n\n<p>Lucas canta en ingl\u00e9s, pero tambi\u00e9n habla portugu\u00e9s fluido. Los temas de The Cliks aparecieron en la c\u00e9lebre serie de televisi\u00f3n <em><a href=\"https:\/\/www.imdb.com\/title\/tt0330251\/\" target=\"_blank\" rel=\"noreferrer noopener\">The L Word<\/a><\/em>, y la banda ha colaborado con Cyndi Lauper, The Weeknd y Hill Kourkoutis.<\/p>\n\n\n\n<p><strong>Sigue a Lucas Silveira:<\/strong> <a href=\"https:\/\/www.facebook.com\/lucassilveiramusic\/\" target=\"_blank\" rel=\"noreferrer noopener\">Facebook<\/a> | <a href=\"https:\/\/www.instagram.com\/lucassilveira\/\" target=\"_blank\" rel=\"noreferrer noopener\">Instagram<\/a> | <a href=\"https:\/\/www.threads.com\/@lucassilveira\">Threads<\/a> | <a href=\"https:\/\/www.youtube.com\/@WhenItCliks\" target=\"_blank\" rel=\"noreferrer noopener\">Youtube<\/a> | <a href=\"http:\/\/www.thecliks.com\" target=\"_blank\" rel=\"noreferrer noopener\">Sitio Oficial<\/a><\/p>\n\n\n\n<h2 class=\"wp-block-heading\">NikkieTutorials<\/h2>\n\n\n\n<p>NikkieTutorials o Nikkie de Jagger es una <em>youtuber<\/em> holandesa y una de las gur\u00fas del maquillaje m\u00e1s famosas del mundo, con m\u00e1s de <strong>trece millones de seguidores<\/strong> en YouTube.<\/p>\n\n\n<div class=\"wp-block-image\">\n<figure class=\"aligncenter size-full\"><img loading=\"lazy\" decoding=\"async\" width=\"900\" height=\"506\" src=\"https:\/\/mytransgenderdate.com\/es\/blog\/wp-content\/uploads\/sites\/6\/2022\/11\/NikkieTutorials-edited.jpg\" alt=\"NikkieTutorials con el cabello rubio largo, usando un top negro de malla bordado con flores, en una sesi\u00f3n al aire libre.\" class=\"wp-image-50\" srcset=\"https:\/\/mytransgenderdate.com\/es\/blog\/wp-content\/uploads\/sites\/6\/2022\/11\/NikkieTutorials-edited.jpg 900w, https:\/\/mytransgenderdate.com\/es\/blog\/wp-content\/uploads\/sites\/6\/2022\/11\/NikkieTutorials-edited-300x169.jpg 300w, https:\/\/mytransgenderdate.com\/es\/blog\/wp-content\/uploads\/sites\/6\/2022\/11\/NikkieTutorials-edited-768x432.jpg 768w\" sizes=\"auto, (max-width: 900px) 100vw, 900px\" \/><figcaption class=\"wp-element-caption\"><em>NikkieTutorials posa al aire libre para la campa\u00f1a de Jouer &#8211; Facebook <a href=\"https:\/\/www.facebook.com\/NikkieTutorials\/photos\/pb.100044523755705.-2207520000\/1299394093491350\/?type=3\" target=\"_blank\" rel=\"noreferrer noopener\">@NikkieTutorials<\/a><\/em><\/figcaption><\/figure>\n<\/div>\n\n\n<p>Fue muy popular en las redes sociales durante muchos a\u00f1os antes de finalmente revelar su identidad de mujer trans, en 2020. Tuvo que subir el video de su salida del closet (<a href=\"https:\/\/www.youtube.com\/watch?v=QOOw2E_qAsE&amp;feature=youtu.be\" target=\"_blank\" rel=\"noreferrer noopener\">I&#8217;m Coming Out<\/a> en YouTube) abruptamente, porque una amistad del pasado la estaba chantajeando con exponer su identidad de g\u00e9nero. En el video, habla brevemente sobre su transici\u00f3n, incluida la cirug\u00eda de reasignaci\u00f3n de g\u00e9nero.<\/p>\n\n\n\n<p><strong>Sigue a NikkieTutorials:<\/strong> <a href=\"https:\/\/www.facebook.com\/NikkieTutorials\" target=\"_blank\" rel=\"noreferrer noopener\">Facebook<\/a> | <a href=\"https:\/\/www.instagram.com\/nikkietutorials\/\" target=\"_blank\" rel=\"noreferrer noopener\">Instagram<\/a> |&nbsp;<a href=\"https:\/\/www.youtube.com\/@nikkietutorials\" target=\"_blank\" rel=\"noreferrer noopener\">Youtube<\/a> | <a href=\"https:\/\/www.tiktok.com\/@nikkietutorials\" target=\"_blank\" rel=\"noreferrer noopener\">TikTok<\/a> | <a href=\"https:\/\/www.nikkietutorials.com\/site\/\" target=\"_blank\" rel=\"noreferrer noopener\">Sitio Oficial<\/a><\/p>\n\n\n\n<h2 class=\"wp-block-heading\">Nikita Dragun<\/h2>\n\n\n\n<p>Tambi\u00e9n conocida como Nikita Nguyen, es <strong>una de las <em>youtubers<\/em> trans m\u00e1s controvertidas<\/strong> en redes sociales de la industria del entretenimiento. Salt\u00f3 a la fama gracias a sus incre\u00edbles tutoriales de maquillaje y a su aspecto imponente.<\/p>\n\n\n<div class=\"wp-block-image\">\n<figure class=\"aligncenter size-full\"><img loading=\"lazy\" decoding=\"async\" width=\"900\" height=\"506\" src=\"https:\/\/mytransgenderdate.com\/es\/blog\/wp-content\/uploads\/sites\/6\/2022\/11\/Nikita_Dragun-1-edited.jpg\" alt=\"Nikita Dragun con un conjunto naranja brillante, sentada sobre el cap\u00f3 de un Corvette del mismo color en Los \u00c1ngeles.\" class=\"wp-image-54\" srcset=\"https:\/\/mytransgenderdate.com\/es\/blog\/wp-content\/uploads\/sites\/6\/2022\/11\/Nikita_Dragun-1-edited.jpg 900w, https:\/\/mytransgenderdate.com\/es\/blog\/wp-content\/uploads\/sites\/6\/2022\/11\/Nikita_Dragun-1-edited-300x169.jpg 300w, https:\/\/mytransgenderdate.com\/es\/blog\/wp-content\/uploads\/sites\/6\/2022\/11\/Nikita_Dragun-1-edited-768x432.jpg 768w\" sizes=\"auto, (max-width: 900px) 100vw, 900px\" \/><figcaption class=\"wp-element-caption\"><em>Nikita Dragun combina su look con un Corvette en Los \u00c1ngeles &#8211; Instagram <a href=\"https:\/\/www.instagram.com\/p\/CLhtIHwFYOI\/?img_index=1\" target=\"_blank\" rel=\"noreferrer noopener\">@NikitaDragun<\/a><\/em><\/figcaption><\/figure>\n<\/div>\n\n\n<p>Ha trabajado con muchas celebridades famosas como <strong>Kim Kardashian, Paris Hilton e Iggy Azalea<\/strong>, entre otras.<\/p>\n\n\n\n<p>Aunque esta estrella no deja de brillar, la han cancelado muchas veces por sus excentricidades y descuidos. La \u00faltima vez, <a href=\"https:\/\/www.insider.com\/nikita-dragun-race-blackfishing-influencer-asks-what-she-should-be-2020-10\" target=\"_blank\" rel=\"noreferrer noopener\">la acusaron de intentar parecer una persona negra<\/a> a trav\u00e9s de su ropa, peinado y maquillaje.<\/p>\n\n\n\n<p><strong>Sigue a Nikita Dragun:<\/strong> <a href=\"https:\/\/www.instagram.com\/nikitadragun\/\" target=\"_blank\" rel=\"noreferrer noopener\">Instagram<\/a> | <a href=\"https:\/\/www.tiktok.com\/@nikitadragun\" target=\"_blank\" rel=\"noreferrer noopener\">TikTok<\/a><\/p>\n\n\n\n<h2 class=\"wp-block-heading\">Sarah McBride<\/h2>\n\n\n\n<p>Sarah McBride es <strong>la primera persona abiertamente trans en ser electa senadora<\/strong>. Lanz\u00f3 su carrera para formar parte de la Asamblea General de Delaware en 2019 y jur\u00f3 su cargo en enero de 2021.<\/p>\n\n\n<div class=\"wp-block-image\">\n<figure class=\"aligncenter size-full\"><img loading=\"lazy\" decoding=\"async\" width=\"900\" height=\"506\" src=\"https:\/\/mytransgenderdate.com\/es\/blog\/wp-content\/uploads\/sites\/6\/2023\/03\/sarah_mcbride-edited.jpg\" alt=\"Sarah McBride sentada junto a una ventana en el Old State House de Dover, Delaware, con un traje de terciopelo oscuro y mirada contemplativa.\" class=\"wp-image-318\" srcset=\"https:\/\/mytransgenderdate.com\/es\/blog\/wp-content\/uploads\/sites\/6\/2023\/03\/sarah_mcbride-edited.jpg 900w, https:\/\/mytransgenderdate.com\/es\/blog\/wp-content\/uploads\/sites\/6\/2023\/03\/sarah_mcbride-edited-300x169.jpg 300w, https:\/\/mytransgenderdate.com\/es\/blog\/wp-content\/uploads\/sites\/6\/2023\/03\/sarah_mcbride-edited-768x432.jpg 768w\" sizes=\"auto, (max-width: 900px) 100vw, 900px\" \/><figcaption class=\"wp-element-caption\"><em>Sarah McBride abre la puerta a una nueva forma de representaci\u00f3n \u2013 Instagram&nbsp;<a href=\"https:\/\/www.instagram.com\/p\/CJodVRHhxpt\/\" target=\"_blank\" rel=\"noreferrer noopener\">@sarahemcbride<\/a><\/em><\/figcaption><\/figure>\n<\/div>\n\n\n<p>Comenz\u00f3 su carrera pol\u00edtica en la campa\u00f1a de Delaware, trabajando estrechamente con el Fiscal General Beau Biden.<\/p>\n\n\n\n<p><strong>Sigue a Sarah McBride:<\/strong>&nbsp;<a href=\"https:\/\/www.facebook.com\/SarahEMcBrideDE\" target=\"_blank\" rel=\"noreferrer noopener\">Facebook<\/a>&nbsp;|&nbsp;<a href=\"https:\/\/www.instagram.com\/sarahemcbride\/\" target=\"_blank\" rel=\"noreferrer noopener\">Instagram<\/a>&nbsp;|&nbsp;<a href=\"https:\/\/www.youtube.com\/@CongresswomanSarahMcBride\" target=\"_blank\" rel=\"noreferrer noopener\">Youtube<\/a>&nbsp;|&nbsp;<a href=\"https:\/\/www.tiktok.com\/@sarahemcbride\" target=\"_blank\" rel=\"noreferrer noopener\">TikTok<\/a>&nbsp;|&nbsp;<a href=\"https:\/\/www.sarahmcbride.com\" target=\"_blank\" rel=\"noreferrer noopener\">Sitio Oficial<\/a><\/p>\n\n\n\n<h2 class=\"wp-block-heading\">Teddy Quinlivan<\/h2>\n\n\n\n<p>Teddy Quinlivan, un faro brillante en la industria de la moda, ha cautivado al p\u00fablico con su sentido de la moda \u00fanico y su poderosa presencia en las pasarelas. Su trayecto es una imagen vibrante de <strong>resiliencia, fuerza y autodescubrimiento<\/strong>, lo que la convierte en una figura ic\u00f3nica en el mundo del modelaje.<\/p>\n\n\n<div class=\"wp-block-image\">\n<figure class=\"aligncenter size-full\"><img loading=\"lazy\" decoding=\"async\" width=\"900\" height=\"506\" src=\"https:\/\/mytransgenderdate.com\/es\/blog\/wp-content\/uploads\/sites\/6\/2023\/03\/teddy_quinlivan-edited.jpg\" alt=\"Teddy Quinlivan en un retrato con poca luz, con chaqueta estilo varsity en blanco y negro, cabello despeinado y mirada intensa.\" class=\"wp-image-315\" srcset=\"https:\/\/mytransgenderdate.com\/es\/blog\/wp-content\/uploads\/sites\/6\/2023\/03\/teddy_quinlivan-edited.jpg 900w, https:\/\/mytransgenderdate.com\/es\/blog\/wp-content\/uploads\/sites\/6\/2023\/03\/teddy_quinlivan-edited-300x169.jpg 300w, https:\/\/mytransgenderdate.com\/es\/blog\/wp-content\/uploads\/sites\/6\/2023\/03\/teddy_quinlivan-edited-768x432.jpg 768w\" sizes=\"auto, (max-width: 900px) 100vw, 900px\" \/><figcaption class=\"wp-element-caption\"><em>Teddy Quinlivan reescribe la historia a su manera \u2013 Instagram&nbsp;<a href=\"https:\/\/www.instagram.com\/p\/Cbxpw0zO4sd\/?img_index=1\" target=\"_blank\" rel=\"noreferrer noopener\">@teddy_quinlivan<\/a><\/em><\/figcaption><\/figure>\n<\/div>\n\n\n<p>Desde su <strong>revelaci\u00f3n p\u00fablica como mujer transg\u00e9nero en 2017<\/strong>, ha seguido rompiendo techos de cristal y ha emergido como una de las mejores modelos de la industria y defensora activa de la comunidad transg\u00e9nero.<\/p>\n\n\n\n<p>Con su mirada distintiva y su sofisticaci\u00f3n vanguardista, ha aparecido en las p\u00e1ginas de revistas de moda internacionales y ha caminado para las principales casas de moda como <strong>Chanel, Louis Vuitton y Versace<\/strong>, redefiniendo as\u00ed las normas de belleza e inclusi\u00f3n.<\/p>\n\n\n\n<p>El impacto de Teddy, una feroz catalizadora del cambio, se extiende mucho m\u00e1s all\u00e1 de la pasarela. Su narrativa personal, definida por la autenticidad y el coraje, ha suscitado conversaciones importantes sobre la <strong>inclusividad y la representaci\u00f3n en la moda<\/strong>. Como <a href=\"https:\/\/www.vogue.es\/living\/articulos\/articulos\/teddy-quinlivan-chanel-primera-modelo-transgenero-belleza-real#:~:text=Discurso%20social-,Teddy%20Quinlivan%2C%20la%20primera%20modelo%20abiertamente%20transg\u00e9nero%20que%20protagoniza,campa\u00f1a%20de%20belleza%20para%20Chanel\" target=\"_blank\" rel=\"noreferrer noopener\">la primera modelo abiertamente transg\u00e9nero contratada por Chanel<\/a>, ha establecido hitos significativos y ha allanado el camino para una representaci\u00f3n m\u00e1s inclusiva en la industria.<\/p>\n\n\n\n<p><strong>Sigue a Teddy Quinlivan:<\/strong>&nbsp;<a href=\"https:\/\/www.instagram.com\/teddy_quinlivan\/\" target=\"_blank\" rel=\"noreferrer noopener\">Instagram<\/a>&nbsp;|&nbsp;<a href=\"https:\/\/www.threads.com\/@teddy_quinlivan\" target=\"_blank\" rel=\"noreferrer noopener\">Threads<\/a><\/p>\n\n\n\n<h2 class=\"wp-block-heading\">Trace Lysette<\/h2>\n\n\n\n<p>Hoy en d\u00eda, es una de las celebridades trans m\u00e1s populares de Hollywood. Es dif\u00edcil pasar por alto la despampanante apariencia de Trace. Empez\u00f3 como actriz de televisi\u00f3n en estas exitosas series:<\/p>\n\n\n\n<ul class=\"wp-block-list\">\n<li><em>Transparent<\/em><\/li>\n\n\n\n<li><em>Ley y orden<\/em><\/li>\n\n\n\n<li><em>I am Cait<\/em><\/li>\n\n\n\n<li><em>Pose<\/em><\/li>\n\n\n\n<li>y otras.<\/li>\n<\/ul>\n\n\n\n<p>Tambi\u00e9n apareci\u00f3 en el video de \u00ab<a href=\"https:\/\/www.youtube.com\/watch?v=aJOTlE1K90k\" target=\"_blank\" rel=\"noreferrer noopener\">Girl Like You<\/a>\u00ab, el hit de Maroon 5 y Cardi B.<\/p>\n\n\n<div class=\"wp-block-image\">\n<figure class=\"aligncenter size-full\"><img loading=\"lazy\" decoding=\"async\" width=\"900\" height=\"506\" src=\"https:\/\/mytransgenderdate.com\/es\/blog\/wp-content\/uploads\/sites\/6\/2022\/11\/Trace_Lysette-edited.jpg\" alt=\"Trace Lysette sentada en una silla naranja, con un vestido blanco sin mangas de ganchillo.\" class=\"wp-image-27\" srcset=\"https:\/\/mytransgenderdate.com\/es\/blog\/wp-content\/uploads\/sites\/6\/2022\/11\/Trace_Lysette-edited.jpg 900w, https:\/\/mytransgenderdate.com\/es\/blog\/wp-content\/uploads\/sites\/6\/2022\/11\/Trace_Lysette-edited-300x169.jpg 300w, https:\/\/mytransgenderdate.com\/es\/blog\/wp-content\/uploads\/sites\/6\/2022\/11\/Trace_Lysette-edited-768x432.jpg 768w\" sizes=\"auto, (max-width: 900px) 100vw, 900px\" \/><figcaption class=\"wp-element-caption\"><em>Trace Lysette en un retrato elegante &#8211; Facebook <a href=\"https:\/\/www.facebook.com\/photo.php?fbid=242338463916040&amp;set=pb.100044196651095.-2207520000&amp;type=3\" target=\"_blank\" rel=\"noreferrer noopener\">@tracelysette<\/a><\/em><\/figcaption><\/figure>\n<\/div>\n\n\n<p>La \u00faltima aparici\u00f3n de Trace en el cine fue en el documental de Netflix de 2020, <em><a href=\"https:\/\/www.imdb.com\/title\/tt8637504\/\" target=\"_blank\" rel=\"noreferrer noopener\">Disclosure: Ser trans en Hollywood<\/a><\/em>. Tambi\u00e9n particip\u00f3 en el \u00e9xito de taquilla de 2019 <em>Estafadoras de Wall Street<\/em>, protagonizada por Jennifer L\u00f3pez, Constance Wu, Julia Stiles y Keke Palmer, entre otras estrellas.<\/p>\n\n\n\n<p><strong>Sigue a Trace Lysette:<\/strong> <a href=\"https:\/\/www.facebook.com\/tracelysette\" target=\"_blank\" rel=\"noreferrer noopener\">Facebook<\/a> | <a href=\"https:\/\/www.instagram.com\/tracelysette\/\" target=\"_blank\" rel=\"noreferrer noopener\">Instagram<\/a> | <a href=\"https:\/\/www.tiktok.com\/@tracelysette\" target=\"_blank\" rel=\"noreferrer noopener\">TikTok<\/a> | <a href=\"https:\/\/www.imdb.com\/name\/nm6006903\/\" target=\"_blank\" rel=\"noreferrer noopener\">IMDb<\/a><\/p>\n\n\n\n<h2 class=\"wp-block-heading\">Valentina Sampaio<\/h2>\n\n\n\n<p>Valentina es una modelo trans famosa. Ha llegado muy alto en la industria del modelaje. Uno de sus logros es haberse convertido en <strong>la primera mujer transg\u00e9nero en aparecer en la portada de la revista <em>Vogue<\/em><\/strong>.<\/p>\n\n\n<div class=\"wp-block-image\">\n<figure class=\"aligncenter size-full\"><img loading=\"lazy\" decoding=\"async\" width=\"1024\" height=\"576\" src=\"https:\/\/mytransgenderdate.com\/es\/blog\/wp-content\/uploads\/sites\/6\/2022\/12\/Valentina_Sampaio_2-edited-1024x576-1.jpg\" alt=\"Valentina Sampaio con top rojo y shorts negros, inclinada hacia adelante durante una sesi\u00f3n de fotos de moda.\" class=\"wp-image-1074\" srcset=\"https:\/\/mytransgenderdate.com\/es\/blog\/wp-content\/uploads\/sites\/6\/2022\/12\/Valentina_Sampaio_2-edited-1024x576-1.jpg 1024w, https:\/\/mytransgenderdate.com\/es\/blog\/wp-content\/uploads\/sites\/6\/2022\/12\/Valentina_Sampaio_2-edited-1024x576-1-300x169.jpg 300w, https:\/\/mytransgenderdate.com\/es\/blog\/wp-content\/uploads\/sites\/6\/2022\/12\/Valentina_Sampaio_2-edited-1024x576-1-768x432.jpg 768w\" sizes=\"auto, (max-width: 1024px) 100vw, 1024px\" \/><figcaption class=\"wp-element-caption\"><em>Valentina Sampaio en una sesi\u00f3n editorial de moda de 2021 \u2013 Facebook&nbsp;<a href=\"https:\/\/www.facebook.com\/photo\/?fbid=326633248818247&amp;set=a.326633238818248\" target=\"_blank\" rel=\"noreferrer noopener\">@valentts<\/a><\/em><\/figcaption><\/figure>\n<\/div>\n\n\n<p>Tambi\u00e9n fue la primera modelo abiertamente trans <a href=\"https:\/\/twitter.com\/SarahEMcBride\" target=\"_blank\" rel=\"noreferrer noopener\">de Victoria&#8217;s Secret<\/a> y en aparecer en la portada de la revista <em>Sports Illustrated<\/em>. Valentina se ha sometido a una cirug\u00eda de reasignaci\u00f3n de g\u00e9nero.<\/p>\n\n\n\n<p><strong>Sigue a Valentina Sampaio:<\/strong>&nbsp;<a href=\"https:\/\/www.facebook.com\/valentts\" target=\"_blank\" rel=\"noreferrer noopener\">Facebook<\/a>&nbsp;|&nbsp;<a href=\"https:\/\/www.instagram.com\/valentts\/\">Instagram<\/a><\/p>\n\n\n\n<h2 class=\"wp-block-heading\">Las hermanas Wachowski<\/h2>\n\n\n\n<p>Lana y Lilly Wachowski son <strong>hermanas y ambas son mujeres transg\u00e9nero<\/strong>. Nacieron en Chicago, Illinois, Estados Unidos. Adem\u00e1s de ser hermanas, conforman un equipo que escribe y dirige pel\u00edculas: uno de sus mayores \u00e9xitos de taquilla fue la pel\u00edcula <em><a href=\"https:\/\/www.imdb.com\/title\/tt0133093\/\" target=\"_blank\" rel=\"noreferrer noopener\">The Matrix<\/a><\/em>, protagonizada por Keanu Reeves.<\/p>\n\n\n<div class=\"wp-block-image\">\n<figure class=\"aligncenter size-full\"><img loading=\"lazy\" decoding=\"async\" width=\"900\" height=\"506\" src=\"https:\/\/mytransgenderdate.com\/es\/blog\/wp-content\/uploads\/sites\/6\/2024\/06\/Wachowski-Sisters-edited.jpg\" alt=\"Lana Wachowski sonriendo con el cabello multicolor, Lilly Wachowski posando frente a un muro de prensa.\" class=\"wp-image-513\" srcset=\"https:\/\/mytransgenderdate.com\/es\/blog\/wp-content\/uploads\/sites\/6\/2024\/06\/Wachowski-Sisters-edited.jpg 900w, https:\/\/mytransgenderdate.com\/es\/blog\/wp-content\/uploads\/sites\/6\/2024\/06\/Wachowski-Sisters-edited-300x169.jpg 300w, https:\/\/mytransgenderdate.com\/es\/blog\/wp-content\/uploads\/sites\/6\/2024\/06\/Wachowski-Sisters-edited-768x432.jpg 768w\" sizes=\"auto, (max-width: 900px) 100vw, 900px\" \/><figcaption class=\"wp-element-caption\"><em>Las hermanas Wachowski &#8211; Youtube <a href=\"https:\/\/youtu.be\/6mkNIs2XWZU?si=EPqGfD425GybQP88&amp;t=65\">@IGN<\/a> y Youtube <a href=\"https:\/\/youtu.be\/7dXTLJut_jc?si=lmXQY9s_c2m7Rxbv&amp;t=22\">@EntertainmentTonight<\/a><\/em><\/figcaption><\/figure>\n<\/div>\n\n\n<p>Tambi\u00e9n son conocidas por las siguientes pel\u00edculas:<\/p>\n\n\n\n<ul class=\"wp-block-list\">\n<li><em>V de Vendetta<\/em><\/li>\n\n\n\n<li><em>Meteoro: La pel\u00edcula<\/em><\/li>\n\n\n\n<li><em>El destino de J\u00fapiter<\/em><\/li>\n\n\n\n<li><em>Sense8<\/em><\/li>\n\n\n\n<li><em>El atlas de las nubes<\/em><\/li>\n\n\n\n<li>y otras.<\/li>\n<\/ul>\n\n\n\n<p>Cuando les preguntaron sobre sus influencias, Lana dijo que hab\u00edan crecido leyendo c\u00f3mics, la trilog\u00eda de Tolkien, para ser exactos. A\u00f1adieron que tambi\u00e9n se inspiran en las series de anime.<\/p>\n\n\n\n<ul class=\"wp-block-list\">\n<li><strong>Sigue a Lana Wachowski:<\/strong> <a href=\"https:\/\/www.imdb.com\/name\/nm0905154\/\" target=\"_blank\" rel=\"noreferrer noopener\">IMDb<\/a><\/li>\n\n\n\n<li><strong>Sigue a Lilly <strong>Wachowski<\/strong>:<\/strong> <a href=\"https:\/\/www.imdb.com\/name\/nm0905152\/\" target=\"_blank\" rel=\"noreferrer noopener\">IMDb<\/a><\/li>\n<\/ul>\n\n\n\n<p>\u00bfHay otras personas trans famosas que te gustar\u00eda ver en la lista? Deja tus sugerencias en la secci\u00f3n de comentarios a continuaci\u00f3n.<\/p>\n","protected":false},"excerpt":{"rendered":"<p>Sin importar cu\u00e1nta discriminaci\u00f3n sufran, las personas transg\u00e9nero siguen avanzando y prosperando. A pesar de ser v\u00edctimas de los estereotipos, la subestimaci\u00f3n y la negatividad, hay esperanza para las personas trans. Hoy, vas a leer sobre muchas personas trans que son famosas. En la lista, no incluimos solamente a mujeres trans. No importa cu\u00e1l es [&hellip;]<\/p>\n","protected":false},"author":4,"featured_media":778,"comment_status":"open","ping_status":"open","sticky":false,"template":"","format":"standard","meta":{"footnotes":""},"categories":[4],"tags":[14,13],"class_list":["post-15","post","type-post","status-publish","format-standard","has-post-thumbnail","hentry","category-influencers","tag-featured","tag-listas-y-tendencias"],"yoast_head":"<!-- This site is optimized with the Yoast SEO plugin v26.9 - https:\/\/yoast.com\/product\/yoast-seo-wordpress\/ -->\n<title>20+ de las personas transg\u00e9nero m\u00e1s famosas del mundo - My Transgender Blog<\/title>\n<meta name=\"description\" content=\"Del rechazo al reconocimiento, estas personas trans famosas transforman la cultura e inspiran generaciones en todo el mundo.\" \/>\n<meta name=\"robots\" content=\"index, follow, max-snippet:-1, max-image-preview:large, max-video-preview:-1\" \/>\n<link rel=\"canonical\" href=\"https:\/\/mytransgenderdate.com\/es\/blog\/2022\/12\/las-personas-trans-mas-famosas-del-mundo\" \/>\n<meta property=\"og:locale\" content=\"es_ES\" \/>\n<meta property=\"og:type\" content=\"article\" \/>\n<meta property=\"og:title\" content=\"20+ de las personas transg\u00e9nero m\u00e1s famosas del mundo - My Transgender Blog\" \/>\n<meta property=\"og:description\" content=\"Del rechazo al reconocimiento, estas personas trans famosas transforman la cultura e inspiran generaciones en todo el mundo.\" \/>\n<meta property=\"og:url\" content=\"https:\/\/mytransgenderdate.com\/es\/blog\/2022\/12\/las-personas-trans-mas-famosas-del-mundo\" \/>\n<meta property=\"og:site_name\" content=\"My Transgender Blog\" \/>\n<meta property=\"article:published_time\" content=\"2022-12-09T01:00:00+00:00\" \/>\n<meta property=\"article:modified_time\" content=\"2026-03-18T23:34:32+00:00\" \/>\n<meta property=\"og:image\" content=\"https:\/\/mytransgenderdate.com\/es\/blog\/wp-content\/uploads\/sites\/6\/2023\/02\/Caitlyn_Jenner-edited.jpg\" \/>\n\t<meta property=\"og:image:width\" content=\"900\" \/>\n\t<meta property=\"og:image:height\" content=\"506\" \/>\n\t<meta property=\"og:image:type\" content=\"image\/jpeg\" \/>\n<meta name=\"author\" content=\"Amanda Valentine Dela Cruz\" \/>\n<meta name=\"twitter:card\" content=\"summary_large_image\" \/>\n<meta name=\"twitter:creator\" content=\"@https:\/\/x.com\/amandavdelacruz\" \/>\n<meta name=\"twitter:label1\" content=\"Escrito por\" \/>\n\t<meta name=\"twitter:data1\" content=\"Amanda Valentine Dela Cruz\" \/>\n\t<meta name=\"twitter:label2\" content=\"Tiempo de lectura\" \/>\n\t<meta name=\"twitter:data2\" content=\"17 minutos\" \/>\n<script type=\"application\/ld+json\" class=\"yoast-schema-graph\">{\"@context\":\"https:\/\/schema.org\",\"@graph\":[{\"@type\":\"Article\",\"@id\":\"https:\/\/mytransgenderdate.com\/es\/blog\/2022\/12\/las-personas-trans-mas-famosas-del-mundo#article\",\"isPartOf\":{\"@id\":\"https:\/\/mytransgenderdate.com\/es\/blog\/2022\/12\/las-personas-trans-mas-famosas-del-mundo\"},\"author\":{\"name\":\"Amanda Valentine Dela Cruz\",\"@id\":\"https:\/\/mytransgenderdate.com\/es\/blog\/#\/schema\/person\/4a539c6eb4c5ea1eae736bc6f474722e\"},\"headline\":\"20+ de las personas transg\u00e9nero m\u00e1s famosas del mundo\",\"datePublished\":\"2022-12-09T01:00:00+00:00\",\"dateModified\":\"2026-03-18T23:34:32+00:00\",\"mainEntityOfPage\":{\"@id\":\"https:\/\/mytransgenderdate.com\/es\/blog\/2022\/12\/las-personas-trans-mas-famosas-del-mundo\"},\"wordCount\":2860,\"commentCount\":0,\"image\":{\"@id\":\"https:\/\/mytransgenderdate.com\/es\/blog\/2022\/12\/las-personas-trans-mas-famosas-del-mundo#primaryimage\"},\"thumbnailUrl\":\"https:\/\/mytransgenderdate.com\/es\/blog\/wp-content\/uploads\/sites\/6\/2023\/02\/Caitlyn_Jenner-edited.jpg\",\"keywords\":[\"featured\",\"Listas y tendencias\"],\"articleSection\":[\"Influencers\"],\"inLanguage\":\"es\",\"potentialAction\":[{\"@type\":\"CommentAction\",\"name\":\"Comment\",\"target\":[\"https:\/\/mytransgenderdate.com\/es\/blog\/2022\/12\/las-personas-trans-mas-famosas-del-mundo#respond\"]}]},{\"@type\":\"WebPage\",\"@id\":\"https:\/\/mytransgenderdate.com\/es\/blog\/2022\/12\/las-personas-trans-mas-famosas-del-mundo\",\"url\":\"https:\/\/mytransgenderdate.com\/es\/blog\/2022\/12\/las-personas-trans-mas-famosas-del-mundo\",\"name\":\"20+ de las personas transg\u00e9nero m\u00e1s famosas del mundo - My Transgender Blog\",\"isPartOf\":{\"@id\":\"https:\/\/mytransgenderdate.com\/es\/blog\/#website\"},\"primaryImageOfPage\":{\"@id\":\"https:\/\/mytransgenderdate.com\/es\/blog\/2022\/12\/las-personas-trans-mas-famosas-del-mundo#primaryimage\"},\"image\":{\"@id\":\"https:\/\/mytransgenderdate.com\/es\/blog\/2022\/12\/las-personas-trans-mas-famosas-del-mundo#primaryimage\"},\"thumbnailUrl\":\"https:\/\/mytransgenderdate.com\/es\/blog\/wp-content\/uploads\/sites\/6\/2023\/02\/Caitlyn_Jenner-edited.jpg\",\"datePublished\":\"2022-12-09T01:00:00+00:00\",\"dateModified\":\"2026-03-18T23:34:32+00:00\",\"author\":{\"@id\":\"https:\/\/mytransgenderdate.com\/es\/blog\/#\/schema\/person\/4a539c6eb4c5ea1eae736bc6f474722e\"},\"description\":\"Del rechazo al reconocimiento, estas personas trans famosas transforman la cultura e inspiran generaciones en todo el mundo.\",\"breadcrumb\":{\"@id\":\"https:\/\/mytransgenderdate.com\/es\/blog\/2022\/12\/las-personas-trans-mas-famosas-del-mundo#breadcrumb\"},\"inLanguage\":\"es\",\"potentialAction\":[{\"@type\":\"ReadAction\",\"target\":[\"https:\/\/mytransgenderdate.com\/es\/blog\/2022\/12\/las-personas-trans-mas-famosas-del-mundo\"]}]},{\"@type\":\"ImageObject\",\"inLanguage\":\"es\",\"@id\":\"https:\/\/mytransgenderdate.com\/es\/blog\/2022\/12\/las-personas-trans-mas-famosas-del-mundo#primaryimage\",\"url\":\"https:\/\/mytransgenderdate.com\/es\/blog\/wp-content\/uploads\/sites\/6\/2023\/02\/Caitlyn_Jenner-edited.jpg\",\"contentUrl\":\"https:\/\/mytransgenderdate.com\/es\/blog\/wp-content\/uploads\/sites\/6\/2023\/02\/Caitlyn_Jenner-edited.jpg\",\"width\":900,\"height\":506},{\"@type\":\"BreadcrumbList\",\"@id\":\"https:\/\/mytransgenderdate.com\/es\/blog\/2022\/12\/las-personas-trans-mas-famosas-del-mundo#breadcrumb\",\"itemListElement\":[{\"@type\":\"ListItem\",\"position\":1,\"name\":\"Home\",\"item\":\"https:\/\/mytransgenderdate.com\/es\/blog\/\"},{\"@type\":\"ListItem\",\"position\":2,\"name\":\"20+ de las personas transg\u00e9nero m\u00e1s famosas del mundo\"}]},{\"@type\":\"WebSite\",\"@id\":\"https:\/\/mytransgenderdate.com\/es\/blog\/#website\",\"url\":\"https:\/\/mytransgenderdate.com\/es\/blog\/\",\"name\":\"My Transgender Blog\",\"description\":\"El blog m\u00e1s informativo y entretenido sobre asuntos trans\",\"potentialAction\":[{\"@type\":\"SearchAction\",\"target\":{\"@type\":\"EntryPoint\",\"urlTemplate\":\"https:\/\/mytransgenderdate.com\/es\/blog\/?s={search_term_string}\"},\"query-input\":{\"@type\":\"PropertyValueSpecification\",\"valueRequired\":true,\"valueName\":\"search_term_string\"}}],\"inLanguage\":\"es\"},{\"@type\":\"Person\",\"@id\":\"https:\/\/mytransgenderdate.com\/es\/blog\/#\/schema\/person\/4a539c6eb4c5ea1eae736bc6f474722e\",\"name\":\"Amanda Valentine Dela Cruz\",\"image\":{\"@type\":\"ImageObject\",\"inLanguage\":\"es\",\"@id\":\"https:\/\/mytransgenderdate.com\/es\/blog\/#\/schema\/person\/image\/\",\"url\":\"https:\/\/secure.gravatar.com\/avatar\/127737b0600db04b2fa568a8b7c1625a7e6933ae1eb06d928597b09b45e597e2?s=96&d=mm&r=g\",\"contentUrl\":\"https:\/\/secure.gravatar.com\/avatar\/127737b0600db04b2fa568a8b7c1625a7e6933ae1eb06d928597b09b45e597e2?s=96&d=mm&r=g\",\"caption\":\"Amanda Valentine Dela Cruz\"},\"description\":\"Amanda Valentine is a transgender woman who has written about trans topics for over 10 years for My Transgender Date. She is an author who made it on Amazon\u2019s best-seller list by writing 5 books on trans women\u2019s relationships. Her book \u201cDating Transgender Women for Gentlemen\u201d peaked at #3 in the Transgender Studies category on Amazon. She started writing at the age of 10 and won a poetry contest in 4th grade which convinced her to pursue a career in literature. Her personal experiences as a transgender woman give her a unique perspective on trans topics.\",\"sameAs\":[\"https:\/\/dtwfgbook.abramspublishinghouse.com\",\"https:\/\/www.instagram.com\/amandavdelacruz\/\",\"https:\/\/www.linkedin.com\/in\/amanda-valentine-dela-cruz-82b5641a6\/\",\"https:\/\/x.com\/https:\/\/x.com\/amandavdelacruz\"],\"url\":\"https:\/\/mytransgenderdate.com\/es\/blog\/author\/amanda\"}]}<\/script>\n<!-- \/ Yoast SEO plugin. -->","yoast_head_json":{"title":"20+ de las personas transg\u00e9nero m\u00e1s famosas del mundo - My Transgender Blog","description":"Del rechazo al reconocimiento, estas personas trans famosas transforman la cultura e inspiran generaciones en todo el mundo.","robots":{"index":"index","follow":"follow","max-snippet":"max-snippet:-1","max-image-preview":"max-image-preview:large","max-video-preview":"max-video-preview:-1"},"canonical":"https:\/\/mytransgenderdate.com\/es\/blog\/2022\/12\/las-personas-trans-mas-famosas-del-mundo","og_locale":"es_ES","og_type":"article","og_title":"20+ de las personas transg\u00e9nero m\u00e1s famosas del mundo - My Transgender Blog","og_description":"Del rechazo al reconocimiento, estas personas trans famosas transforman la cultura e inspiran generaciones en todo el mundo.","og_url":"https:\/\/mytransgenderdate.com\/es\/blog\/2022\/12\/las-personas-trans-mas-famosas-del-mundo","og_site_name":"My Transgender Blog","article_published_time":"2022-12-09T01:00:00+00:00","article_modified_time":"2026-03-18T23:34:32+00:00","og_image":[{"width":900,"height":506,"url":"https:\/\/mytransgenderdate.com\/es\/blog\/wp-content\/uploads\/sites\/6\/2023\/02\/Caitlyn_Jenner-edited.jpg","type":"image\/jpeg"}],"author":"Amanda Valentine Dela Cruz","twitter_card":"summary_large_image","twitter_creator":"@https:\/\/x.com\/amandavdelacruz","twitter_misc":{"Escrito por":"Amanda Valentine Dela Cruz","Tiempo de lectura":"17 minutos"},"schema":{"@context":"https:\/\/schema.org","@graph":[{"@type":"Article","@id":"https:\/\/mytransgenderdate.com\/es\/blog\/2022\/12\/las-personas-trans-mas-famosas-del-mundo#article","isPartOf":{"@id":"https:\/\/mytransgenderdate.com\/es\/blog\/2022\/12\/las-personas-trans-mas-famosas-del-mundo"},"author":{"name":"Amanda Valentine Dela Cruz","@id":"https:\/\/mytransgenderdate.com\/es\/blog\/#\/schema\/person\/4a539c6eb4c5ea1eae736bc6f474722e"},"headline":"20+ de las personas transg\u00e9nero m\u00e1s famosas del mundo","datePublished":"2022-12-09T01:00:00+00:00","dateModified":"2026-03-18T23:34:32+00:00","mainEntityOfPage":{"@id":"https:\/\/mytransgenderdate.com\/es\/blog\/2022\/12\/las-personas-trans-mas-famosas-del-mundo"},"wordCount":2860,"commentCount":0,"image":{"@id":"https:\/\/mytransgenderdate.com\/es\/blog\/2022\/12\/las-personas-trans-mas-famosas-del-mundo#primaryimage"},"thumbnailUrl":"https:\/\/mytransgenderdate.com\/es\/blog\/wp-content\/uploads\/sites\/6\/2023\/02\/Caitlyn_Jenner-edited.jpg","keywords":["featured","Listas y tendencias"],"articleSection":["Influencers"],"inLanguage":"es","potentialAction":[{"@type":"CommentAction","name":"Comment","target":["https:\/\/mytransgenderdate.com\/es\/blog\/2022\/12\/las-personas-trans-mas-famosas-del-mundo#respond"]}]},{"@type":"WebPage","@id":"https:\/\/mytransgenderdate.com\/es\/blog\/2022\/12\/las-personas-trans-mas-famosas-del-mundo","url":"https:\/\/mytransgenderdate.com\/es\/blog\/2022\/12\/las-personas-trans-mas-famosas-del-mundo","name":"20+ de las personas transg\u00e9nero m\u00e1s famosas del mundo - My Transgender Blog","isPartOf":{"@id":"https:\/\/mytransgenderdate.com\/es\/blog\/#website"},"primaryImageOfPage":{"@id":"https:\/\/mytransgenderdate.com\/es\/blog\/2022\/12\/las-personas-trans-mas-famosas-del-mundo#primaryimage"},"image":{"@id":"https:\/\/mytransgenderdate.com\/es\/blog\/2022\/12\/las-personas-trans-mas-famosas-del-mundo#primaryimage"},"thumbnailUrl":"https:\/\/mytransgenderdate.com\/es\/blog\/wp-content\/uploads\/sites\/6\/2023\/02\/Caitlyn_Jenner-edited.jpg","datePublished":"2022-12-09T01:00:00+00:00","dateModified":"2026-03-18T23:34:32+00:00","author":{"@id":"https:\/\/mytransgenderdate.com\/es\/blog\/#\/schema\/person\/4a539c6eb4c5ea1eae736bc6f474722e"},"description":"Del rechazo al reconocimiento, estas personas trans famosas transforman la cultura e inspiran generaciones en todo el mundo.","breadcrumb":{"@id":"https:\/\/mytransgenderdate.com\/es\/blog\/2022\/12\/las-personas-trans-mas-famosas-del-mundo#breadcrumb"},"inLanguage":"es","potentialAction":[{"@type":"ReadAction","target":["https:\/\/mytransgenderdate.com\/es\/blog\/2022\/12\/las-personas-trans-mas-famosas-del-mundo"]}]},{"@type":"ImageObject","inLanguage":"es","@id":"https:\/\/mytransgenderdate.com\/es\/blog\/2022\/12\/las-personas-trans-mas-famosas-del-mundo#primaryimage","url":"https:\/\/mytransgenderdate.com\/es\/blog\/wp-content\/uploads\/sites\/6\/2023\/02\/Caitlyn_Jenner-edited.jpg","contentUrl":"https:\/\/mytransgenderdate.com\/es\/blog\/wp-content\/uploads\/sites\/6\/2023\/02\/Caitlyn_Jenner-edited.jpg","width":900,"height":506},{"@type":"BreadcrumbList","@id":"https:\/\/mytransgenderdate.com\/es\/blog\/2022\/12\/las-personas-trans-mas-famosas-del-mundo#breadcrumb","itemListElement":[{"@type":"ListItem","position":1,"name":"Home","item":"https:\/\/mytransgenderdate.com\/es\/blog\/"},{"@type":"ListItem","position":2,"name":"20+ de las personas transg\u00e9nero m\u00e1s famosas del mundo"}]},{"@type":"WebSite","@id":"https:\/\/mytransgenderdate.com\/es\/blog\/#website","url":"https:\/\/mytransgenderdate.com\/es\/blog\/","name":"My Transgender Blog","description":"El blog m\u00e1s informativo y entretenido sobre asuntos trans","potentialAction":[{"@type":"SearchAction","target":{"@type":"EntryPoint","urlTemplate":"https:\/\/mytransgenderdate.com\/es\/blog\/?s={search_term_string}"},"query-input":{"@type":"PropertyValueSpecification","valueRequired":true,"valueName":"search_term_string"}}],"inLanguage":"es"},{"@type":"Person","@id":"https:\/\/mytransgenderdate.com\/es\/blog\/#\/schema\/person\/4a539c6eb4c5ea1eae736bc6f474722e","name":"Amanda Valentine Dela Cruz","image":{"@type":"ImageObject","inLanguage":"es","@id":"https:\/\/mytransgenderdate.com\/es\/blog\/#\/schema\/person\/image\/","url":"https:\/\/secure.gravatar.com\/avatar\/127737b0600db04b2fa568a8b7c1625a7e6933ae1eb06d928597b09b45e597e2?s=96&d=mm&r=g","contentUrl":"https:\/\/secure.gravatar.com\/avatar\/127737b0600db04b2fa568a8b7c1625a7e6933ae1eb06d928597b09b45e597e2?s=96&d=mm&r=g","caption":"Amanda Valentine Dela Cruz"},"description":"Amanda Valentine is a transgender woman who has written about trans topics for over 10 years for My Transgender Date. She is an author who made it on Amazon\u2019s best-seller list by writing 5 books on trans women\u2019s relationships. Her book \u201cDating Transgender Women for Gentlemen\u201d peaked at #3 in the Transgender Studies category on Amazon. She started writing at the age of 10 and won a poetry contest in 4th grade which convinced her to pursue a career in literature. Her personal experiences as a transgender woman give her a unique perspective on trans topics.","sameAs":["https:\/\/dtwfgbook.abramspublishinghouse.com","https:\/\/www.instagram.com\/amandavdelacruz\/","https:\/\/www.linkedin.com\/in\/amanda-valentine-dela-cruz-82b5641a6\/","https:\/\/x.com\/https:\/\/x.com\/amandavdelacruz"],"url":"https:\/\/mytransgenderdate.com\/es\/blog\/author\/amanda"}]}},"_links":{"self":[{"href":"https:\/\/mytransgenderdate.com\/es\/blog\/wp-json\/wp\/v2\/posts\/15","targetHints":{"allow":["GET"]}}],"collection":[{"href":"https:\/\/mytransgenderdate.com\/es\/blog\/wp-json\/wp\/v2\/posts"}],"about":[{"href":"https:\/\/mytransgenderdate.com\/es\/blog\/wp-json\/wp\/v2\/types\/post"}],"author":[{"embeddable":true,"href":"https:\/\/mytransgenderdate.com\/es\/blog\/wp-json\/wp\/v2\/users\/4"}],"replies":[{"embeddable":true,"href":"https:\/\/mytransgenderdate.com\/es\/blog\/wp-json\/wp\/v2\/comments?post=15"}],"version-history":[{"count":42,"href":"https:\/\/mytransgenderdate.com\/es\/blog\/wp-json\/wp\/v2\/posts\/15\/revisions"}],"predecessor-version":[{"id":1302,"href":"https:\/\/mytransgenderdate.com\/es\/blog\/wp-json\/wp\/v2\/posts\/15\/revisions\/1302"}],"wp:featuredmedia":[{"embeddable":true,"href":"https:\/\/mytransgenderdate.com\/es\/blog\/wp-json\/wp\/v2\/media\/778"}],"wp:attachment":[{"href":"https:\/\/mytransgenderdate.com\/es\/blog\/wp-json\/wp\/v2\/media?parent=15"}],"wp:term":[{"taxonomy":"category","embeddable":true,"href":"https:\/\/mytransgenderdate.com\/es\/blog\/wp-json\/wp\/v2\/categories?post=15"},{"taxonomy":"post_tag","embeddable":true,"href":"https:\/\/mytransgenderdate.com\/es\/blog\/wp-json\/wp\/v2\/tags?post=15"}],"curies":[{"name":"wp","href":"https:\/\/api.w.org\/{rel}","templated":true}]}}