{"id":209,"date":"2023-02-03T07:52:08","date_gmt":"2023-02-03T07:52:08","guid":{"rendered":"https:\/\/mytransgenderdate.com\/es\/blog\/?p=209"},"modified":"2026-03-24T15:55:39","modified_gmt":"2026-03-24T15:55:39","slug":"por-que-la-transfobia-no-deberia-existir","status":"publish","type":"post","link":"https:\/\/mytransgenderdate.com\/es\/blog\/2023\/02\/por-que-la-transfobia-no-deberia-existir","title":{"rendered":"\u00bfPor qu\u00e9 la transfobia no deber\u00eda existir?"},"content":{"rendered":"\n<p>El mundo no para de cambiar; es un lugar cada vez m\u00e1s inclusivo. Sin embargo, <strong>la homofobia y la transfobia siguen existiendo<\/strong>. Hoy vamos a hablar del origen de la palabra transfobia y de los estragos que causa en la humanidad.<\/p>\n\n\n\n<p>Si no te interesa <strong>aceptar a las personas que son diferentes<\/strong> a ti, puedes saltarte este art\u00edculo. Sin embargo, si quieres hacer del mundo un lugar mejor, \u00a1sigue leyendo! Hablaremos de la definici\u00f3n de transfobia y de todo lo que hay detr\u00e1s de esta palabra.<\/p>\n\n\n\n<h2 class=\"wp-block-heading\">\u00bfQu\u00e9 es la transfobia ?<\/h2>\n\n\n\n<p>La fobia se define como un sentimiento de aversi\u00f3n o miedo exagerado a algo, que puede ser una persona, un lugar, una experiencia, etc\u00e9tera. Sin embargo, <strong>el tema que nos convoca hoy<\/strong> es un poco m\u00e1s complicado.<\/p>\n\n\n<div class=\"wp-block-image\">\n<figure class=\"aligncenter size-full\"><img loading=\"lazy\" decoding=\"async\" width=\"900\" height=\"506\" src=\"https:\/\/mytransgenderdate.com\/es\/blog\/wp-content\/uploads\/sites\/6\/2023\/02\/mad-men-edited.jpg\" alt=\"Imagen en blanco y negro de un hombre gritando, rodeado de \u00e1rboles y arbustos.\" class=\"wp-image-213\" srcset=\"https:\/\/mytransgenderdate.com\/es\/blog\/wp-content\/uploads\/sites\/6\/2023\/02\/mad-men-edited.jpg 900w, https:\/\/mytransgenderdate.com\/es\/blog\/wp-content\/uploads\/sites\/6\/2023\/02\/mad-men-edited-300x169.jpg 300w, https:\/\/mytransgenderdate.com\/es\/blog\/wp-content\/uploads\/sites\/6\/2023\/02\/mad-men-edited-768x432.jpg 768w\" sizes=\"auto, (max-width: 900px) 100vw, 900px\" \/><figcaption class=\"wp-element-caption\"><em>Una expresi\u00f3n intensa de energ\u00eda y pasi\u00f3n. &#8211; <a href=\"https:\/\/pixabay.com\/photos\/man-male-angry-face-expression-921004\/\" target=\"_blank\" rel=\"noreferrer noopener\">pixabay.com<\/a><\/em><\/figcaption><\/figure>\n<\/div>\n\n\n<p>Es un t\u00e9rmino que se utiliza com\u00fanmente para describir a quienes <strong>ODIAN a las personas transg\u00e9nero<\/strong>. No hablo de personas que solo le temen a la diversidad. Algunos llegan tan lejos como para desear que las personas transg\u00e9nero sean eliminadas de la faz de la tierra.<\/p>\n\n\n\n<p>A estas personas se las conoce como <strong>transf\u00f3bicas<\/strong>.<\/p>\n\n\n\n<h3 class=\"wp-block-heading\">\u00bfQu\u00e9 significa \u201ctransf\u00f3bico\u201d?<\/h3>\n\n\n\n<p>Se utiliza como adjetivo para describir a una persona, una experiencia, una situaci\u00f3n u otra cosa. Sin embargo, no es una palabra que se puede usar a la ligera, porque es injusto <strong>confundir la transfobia con ignorancia<\/strong>.<\/p>\n\n\n\n<p>Hay quienes desconocen la existencia de las personas transg\u00e9nero y de g\u00e9nero fluido. Pero no todos los ignorantes <strong>son transf\u00f3bicos<\/strong>. Algunos est\u00e1n dispuestos a aprender, aunque, de vez en cuando, digan algo incorrecto. Suelen ser personas que tuvieron una educaci\u00f3n religiosa. Sin embargo, algunas est\u00e1n dispuestas a <strong>aprender y aceptar<\/strong>.<\/p>\n\n\n\n<p><strong>No es f\u00e1cil definir<\/strong> la transfobia. La mayor\u00eda de las personas que deciden no salir con una persona trans no son transf\u00f3bicas. Lo mismo aplica a las personas que no quieren tener relaciones \u00edntimas con personas trans.<\/p>\n\n\n\n<h3 class=\"wp-block-heading\">7 actitudes negativas comunes entre las personas transf\u00f3bicas<\/h3>\n\n\n\n<p>Tengan en cuenta que la siguiente lista no identificar\u00e1 <strong>a una persona transf\u00f3bica<\/strong>, hay que tomarla con pinzas. Sin embargo, la mayor\u00eda de estas personas comparten algunos de estos rasgos.<\/p>\n\n\n\n<ol class=\"wp-block-list\">\n<li>Discriminan a las personas trans<\/li>\n\n\n\n<li>Creen que quienes son trans tienen problemas de salud mental<\/li>\n\n\n\n<li>Tienen prejuicios en su contra<\/li>\n\n\n\n<li>Piensan que est\u00e1 bien que las personas trans reciban ataques lascivos porque les gusta<\/li>\n\n\n\n<li>Creen que ser transg\u00e9nero es una elecci\u00f3n<\/li>\n\n\n\n<li>Piensan que las personas trans confunden la orientaci\u00f3n y expresi\u00f3n sexual de las personas<\/li>\n\n\n\n<li>Creen que las personas transg\u00e9nero pueden \u201ccurarse\u201d de su identidad de g\u00e9nero<\/li>\n\n\n\n<li>No quieren que las personas trans tengan los mismos derechos que ellos<\/li>\n\n\n\n<li>Las personas transg\u00e9nero les generan repulsi\u00f3n<\/li>\n\n\n\n<li>Les desean el mal a las personas trans<\/li>\n<\/ol>\n\n\n\n<p>Hay much\u00edsimos rasgos transf\u00f3bicos. La lista de arriba re\u00fane solo a los m\u00e1s reveladores. Si sueles cruzarte con personas as\u00ed y te gustar\u00eda educarlas sobre el impacto negativo que tienen en la vida de otras personas, sigue leyendo.<\/p>\n\n\n\n<h2 class=\"wp-block-heading\">Los efectos de la transfobia en las personas transg\u00e9nero<\/h2>\n\n\n\n<p>La transfobia es irreversible. Si <strong>una persona es as\u00ed<\/strong>, sin importar cu\u00e1nto tratemos de concientizarla, no podremos cambiarla. Sin embargo, la mayor\u00eda de las personas que presentan estos rasgos tiene la mente abierta.<\/p>\n\n\n\n<p>A continuaci\u00f3n, te presento una gu\u00eda para que puedas <strong>concientizar a las personas ignorantes<\/strong> sobre las repercusiones que tienen sus actitudes.<\/p>\n\n\n\n<h3 class=\"wp-block-heading\">M\u00e1s depresi\u00f3n<\/h3>\n\n\n\n<p>La disforia de g\u00e9nero es una causa de depresi\u00f3n para algunas personas trans.<\/p>\n\n\n\n<p>M\u00e1s del 50% de los adolescentes trans piensan en <strong>quitarse la vida para ponerle fin al dolor<\/strong>. Pero son personas que merecen vivir y servir al mundo; no deber\u00edan lidiar con el estr\u00e9s de ser una minor\u00eda.<\/p>\n\n\n<div class=\"wp-block-image\">\n<figure class=\"aligncenter size-full\"><img loading=\"lazy\" decoding=\"async\" width=\"900\" height=\"506\" src=\"https:\/\/mytransgenderdate.com\/es\/blog\/wp-content\/uploads\/sites\/6\/2024\/12\/Depression-edited.jpg\" alt=\"Una mujer contemplativa mirando a lo lejos, iluminada por una luz suave y dram\u00e1tica.\" class=\"wp-image-793\" srcset=\"https:\/\/mytransgenderdate.com\/es\/blog\/wp-content\/uploads\/sites\/6\/2024\/12\/Depression-edited.jpg 900w, https:\/\/mytransgenderdate.com\/es\/blog\/wp-content\/uploads\/sites\/6\/2024\/12\/Depression-edited-300x169.jpg 300w, https:\/\/mytransgenderdate.com\/es\/blog\/wp-content\/uploads\/sites\/6\/2024\/12\/Depression-edited-768x432.jpg 768w\" sizes=\"auto, (max-width: 900px) 100vw, 900px\" \/><figcaption class=\"wp-element-caption\"><em>Belleza sutil entre luces y sombras. &#8211; <a href=\"https:\/\/www.pexels.com\/photo\/photo-d-une-femme-portant-un-pull-vert-1707798\/\" target=\"_blank\" rel=\"noreferrer noopener\"><span style=\"caret-color: rgb(19, 94, 150);\">pexels<\/span>.com<\/a><\/em><\/figcaption><\/figure>\n<\/div>\n\n\n<p>Sin embargo, <strong>a causa de la transfobia<\/strong>, muchas se van demasiado pronto.<\/p>\n\n\n\n<p>Negarle a una persona sus <strong>derechos humanos fundamentales<\/strong> es muy perjudicial para su salud. La mayor\u00eda de las personas trans experimentan esto. Muchas se han acostumbrado al acoso, pero no todo el mundo es lo suficientemente resistente para aguantarlo.<\/p>\n\n\n\n<h3 class=\"wp-block-heading\">Desigualdad y derechos humanos fundamentales<\/h3>\n\n\n\n<p>La mayor\u00eda de la gente se toma la desigualdad a la ligera.&nbsp;<\/p>\n\n\n<div class=\"wp-block-image\">\n<figure class=\"aligncenter size-full\"><img loading=\"lazy\" decoding=\"async\" width=\"900\" height=\"506\" src=\"https:\/\/mytransgenderdate.com\/es\/blog\/wp-content\/uploads\/sites\/6\/2023\/02\/rainbow-hands-edited.jpg\" alt=\"Los colores del arco\u00edris como s\u00edmbolo de amor, unidad y orgullo.\" class=\"wp-image-217\" srcset=\"https:\/\/mytransgenderdate.com\/es\/blog\/wp-content\/uploads\/sites\/6\/2023\/02\/rainbow-hands-edited.jpg 900w, https:\/\/mytransgenderdate.com\/es\/blog\/wp-content\/uploads\/sites\/6\/2023\/02\/rainbow-hands-edited-300x169.jpg 300w, https:\/\/mytransgenderdate.com\/es\/blog\/wp-content\/uploads\/sites\/6\/2023\/02\/rainbow-hands-edited-768x432.jpg 768w\" sizes=\"auto, (max-width: 900px) 100vw, 900px\" \/><figcaption class=\"wp-element-caption\"><em>Una celebraci\u00f3n vibrante del orgullo y la diversidad. &#8211; <a href=\"https:\/\/pixabay.com\/photos\/human-rights-equality-rainbow-human-3805188\/\" target=\"_blank\" rel=\"noreferrer noopener\">pixabay.com<\/a><\/em><\/figcaption><\/figure>\n<\/div>\n\n\n<p>Sobre todo, las personas que nunca han experimentado lo que significa que se les <strong>nieguen los derechos humanos m\u00e1s fundamentales<\/strong> como:<\/p>\n\n\n\n<ol class=\"wp-block-list\">\n<li>la educaci\u00f3n<\/li>\n\n\n\n<li>la salud<\/li>\n\n\n\n<li>la posibilidad de trabajar<\/li>\n\n\n\n<li>y algo tan b\u00e1sico como poder ingresar a un establecimiento<\/li>\n<\/ol>\n\n\n\n<p>En muchas escuelas de todo el mundo, a las personas trans no se les permite expresar <strong>su identidad de g\u00e9nero<\/strong>.<\/p>\n\n\n\n<p>Adem\u00e1s, la mayor\u00eda de las empresas <strong>no contratan personas trans<\/strong>, incluso cuando est\u00e1n capacitadas para ejercer el cargo, solo porque su g\u00e9nero asignado al nacer no \u201cse corresponde\u201d con su aspecto. Hay negocios que no quieren que una persona trans entre a sus locales aunque tenga dinero para gastar.<\/p>\n\n\n\n<p>Adem\u00e1s, <strong>a las personas transg\u00e9nero las echan<\/strong> de los ba\u00f1os p\u00fablicos. Para la mayor\u00eda de las personas, esto puede sonar como algo trivial, pero porque nunca lo han experimentado en carne propia.<\/p>\n\n\n\n<h3 class=\"wp-block-heading\">El diablo<\/h3>\n\n\n\n<p>Las <strong>personas transf\u00f3bicas que son religiosas<\/strong> infunden miedo y dan una muy mala imagen de la identidad trans, al punto que pareciera ser de algo creado por el diablo mismo.<\/p>\n\n\n<div class=\"wp-block-image\">\n<figure class=\"aligncenter size-full\"><img loading=\"lazy\" decoding=\"async\" width=\"900\" height=\"506\" src=\"https:\/\/mytransgenderdate.com\/es\/blog\/wp-content\/uploads\/sites\/6\/2023\/02\/beautiful_women-edited.jpg\" alt=\"Mujer con un vestido blanco fluido, sentada en un terreno rocoso, respirando aire fresco.\" class=\"wp-image-219\" srcset=\"https:\/\/mytransgenderdate.com\/es\/blog\/wp-content\/uploads\/sites\/6\/2023\/02\/beautiful_women-edited.jpg 900w, https:\/\/mytransgenderdate.com\/es\/blog\/wp-content\/uploads\/sites\/6\/2023\/02\/beautiful_women-edited-300x169.jpg 300w, https:\/\/mytransgenderdate.com\/es\/blog\/wp-content\/uploads\/sites\/6\/2023\/02\/beautiful_women-edited-768x432.jpg 768w\" sizes=\"auto, (max-width: 900px) 100vw, 900px\" \/><figcaption class=\"wp-element-caption\"><em>Una mujer tranquila disfrutando del aire libre bajo un cielo azul claro. &#8211; <a href=\"https:\/\/pixabay.com\/photos\/face-angel-cloudiness-white-heaven-932400\/\" target=\"_blank\" rel=\"noreferrer noopener\">pixabay.com<\/a><\/em><\/figcaption><\/figure>\n<\/div>\n\n\n<p>Las personas transg\u00e9nero no son diab\u00f3licas. Algunas incluso son religiosas.<\/p>\n\n\n\n<p>Hay mucha maldad en el mundo y <strong>es rid\u00edculo<\/strong> poner a las personas trans en la misma bolsa que a los ad\u00falteros, los ladrones, los violadores, los abusadores y los asesinos.<\/p>\n\n\n\n<h3 class=\"wp-block-heading\">Exclusi\u00f3n de la familia<\/h3>\n\n\n\n<p>Hay muchas personas trans que son <strong>repudiadas por su propia familia<\/strong>.<\/p>\n\n\n\n<p>Que tus padres y tus hermanos te den la espalda es una de las experiencias m\u00e1s dolorosas.&nbsp;<\/p>\n\n\n<div class=\"wp-block-image\">\n<figure class=\"aligncenter size-full\"><img loading=\"lazy\" decoding=\"async\" width=\"900\" height=\"506\" src=\"https:\/\/mytransgenderdate.com\/es\/blog\/wp-content\/uploads\/sites\/6\/2024\/12\/Disownment-edited.jpg\" alt=\"Cuatro personas paseando por una playa de arena, con barcos a lo lejos y un atardecer naranja brillante.\" class=\"wp-image-796\" srcset=\"https:\/\/mytransgenderdate.com\/es\/blog\/wp-content\/uploads\/sites\/6\/2024\/12\/Disownment-edited.jpg 900w, https:\/\/mytransgenderdate.com\/es\/blog\/wp-content\/uploads\/sites\/6\/2024\/12\/Disownment-edited-300x169.jpg 300w, https:\/\/mytransgenderdate.com\/es\/blog\/wp-content\/uploads\/sites\/6\/2024\/12\/Disownment-edited-768x432.jpg 768w\" sizes=\"auto, (max-width: 900px) 100vw, 900px\" \/><figcaption class=\"wp-element-caption\"><em>Momentos de paz y uni\u00f3n junto a la orilla. &#8211; <a href=\"https:\/\/www.pexels.com\/photo\/silhouette-de-personnes-marchant-sur-le-bord-de-mer-pendant-le-coucher-du-soleil-1129615\/\" target=\"_blank\" rel=\"noreferrer noopener\"><span style=\"caret-color: rgb(19, 94, 150);\">pexels<\/span>.com<\/a><\/em><\/figcaption><\/figure>\n<\/div>\n\n\n<p>Una persona que elije ser <strong>feliz sin lastimar<\/strong> a nadie no deber\u00eda tener que pasar por eso.<\/p>\n\n\n\n<p>Si las personas fueran m\u00e1s tolerantes, las tasas de suicidio entre personas trans no ser\u00edan tan altas como lo son hoy.<\/p>\n\n\n\n<h3 class=\"wp-block-heading\">Rechazo<\/h3>\n\n\n\n<p>Las personas trans enfrentan mucho <strong>rechazo<\/strong> a la hora de tener citas, ya que la mayor\u00eda de los hombres y mujeres cis no est\u00e1n abiertos a tener una relaci\u00f3n transorientada.&nbsp;<\/p>\n\n\n<div class=\"wp-block-image\">\n<figure class=\"aligncenter size-full\"><img loading=\"lazy\" decoding=\"async\" width=\"900\" height=\"506\" src=\"https:\/\/mytransgenderdate.com\/es\/blog\/wp-content\/uploads\/sites\/6\/2024\/12\/Inequality-edited.jpg\" alt=\"Retrato de una joven con rizos voluminosos, vistiendo una camiseta negra, rodeada de naturaleza.\" class=\"wp-image-798\" srcset=\"https:\/\/mytransgenderdate.com\/es\/blog\/wp-content\/uploads\/sites\/6\/2024\/12\/Inequality-edited.jpg 900w, https:\/\/mytransgenderdate.com\/es\/blog\/wp-content\/uploads\/sites\/6\/2024\/12\/Inequality-edited-300x169.jpg 300w, https:\/\/mytransgenderdate.com\/es\/blog\/wp-content\/uploads\/sites\/6\/2024\/12\/Inequality-edited-768x432.jpg 768w\" sizes=\"auto, (max-width: 900px) 100vw, 900px\" \/><figcaption class=\"wp-element-caption\"><em>Confianza y serenidad en un campo dorado. &#8211; <a href=\"https:\/\/www.pexels.com\/photo\/mode-personne-individu-femme-4668510\/\" target=\"_blank\" rel=\"noreferrer noopener\"><span style=\"caret-color: rgb(19, 94, 150);\">pexels<\/span>.com<\/a><\/em><\/figcaption><\/figure>\n<\/div>\n\n\n<p>Muchos todav\u00eda no aceptan que las mujeres trans son mujeres y que los hombres trans son hombres, y las personas trans suelen terminar <strong>en el casillero de gente con la que nadie sale<\/strong>.<\/p>\n\n\n\n<p>Por eso se cre\u00f3 <strong>My Transgender Date<\/strong>. Es el primer <a href=\"https:\/\/mytransgenderdate.com\/es\">sitio decente de citas para personas trans<\/a> y ayuda a que hombres y mujeres trans que buscan amor se encuentren.<\/p>\n\n\n\n<h3 class=\"wp-block-heading\">Muerte<\/h3>\n\n\n\n<p>Hay personas que <strong>son asesinadas<\/strong> solo por ser trans.<\/p>\n\n\n\n<p>Muchos <strong>cr\u00edmenes de odio cometidos por personas transf\u00f3bicas<\/strong> terminan en la muerte.&nbsp;<\/p>\n\n\n<div class=\"wp-block-image\">\n<figure class=\"aligncenter size-full\"><img loading=\"lazy\" decoding=\"async\" width=\"900\" height=\"506\" src=\"https:\/\/mytransgenderdate.com\/es\/blog\/wp-content\/uploads\/sites\/6\/2024\/12\/candle-1-edited.jpg\" alt=\"Una vela blanca con una llama resplandeciente, creando una atm\u00f3sfera de paz.\" class=\"wp-image-800\" srcset=\"https:\/\/mytransgenderdate.com\/es\/blog\/wp-content\/uploads\/sites\/6\/2024\/12\/candle-1-edited.jpg 900w, https:\/\/mytransgenderdate.com\/es\/blog\/wp-content\/uploads\/sites\/6\/2024\/12\/candle-1-edited-300x169.jpg 300w, https:\/\/mytransgenderdate.com\/es\/blog\/wp-content\/uploads\/sites\/6\/2024\/12\/candle-1-edited-768x432.jpg 768w\" sizes=\"auto, (max-width: 900px) 100vw, 900px\" \/><figcaption class=\"wp-element-caption\"><em>La tranquila belleza del resplandor de una vela. &#8211; <a href=\"https:\/\/www.pexels.com\/photo\/bougie-blanche-278823\/\" target=\"_blank\" rel=\"noreferrer noopener\"><span style=\"caret-color: rgb(19, 94, 150);\">pexels<\/span>.com<\/a><\/em><\/figcaption><\/figure>\n<\/div>\n\n\n<p>Si escuchas las noticias, seguro sabr\u00e1s que <strong>la violencia hacia las personas transg\u00e9nero<\/strong> ha generado horribles asesinatos.<\/p>\n\n\n\n<p>Algunos de estos cr\u00edmenes llegaron a los titulares y causaron muchas manifestaciones.<\/p>\n\n\n\n<p>[[SIGNUP]]<\/p>\n\n\n\n<h2 class=\"wp-block-heading\">Personas transg\u00e9nero que han muerto v\u00edctimas de cr\u00edmenes de odio<\/h2>\n\n\n\n<p>Hemos perdido innumerables vidas <strong>debido a la transfobia<\/strong>. Es un problema global contra el que tenemos que luchar. Si las personas transg\u00e9nero recibieran <strong>el respeto y la tolerancia<\/strong> que merecen, nada de esto suceder\u00eda.<\/p>\n\n\n\n<h3 class=\"wp-block-heading\">Jennifer Laude (Filipinas)<\/h3>\n\n\n\n<p>La muerte de <strong>Jennifer Laude, una mujer trans filipina de 26 a\u00f1os<\/strong>, fue una sensaci\u00f3n en los medios. Los principales canales de televisi\u00f3n cubrieron la noticia, que adem\u00e1s inund\u00f3 las redes sociales de Filipinas durante semanas. De verdad, si hubiera sido una pel\u00edcula, habr\u00eda sido un \u00e9xito de taquilla.<\/p>\n\n\n<div class=\"wp-block-image\">\n<figure class=\"aligncenter size-large\"><img loading=\"lazy\" decoding=\"async\" width=\"1196\" height=\"673\" src=\"https:\/\/mytransgenderdate.com\/es\/blog\/wp-content\/uploads\/sites\/6\/2023\/02\/jennifer-laude-edited.jpg\" alt=\"Jennifer Laude\" class=\"wp-image-227\" srcset=\"https:\/\/mytransgenderdate.com\/es\/blog\/wp-content\/uploads\/sites\/6\/2023\/02\/jennifer-laude-edited.jpg 1196w, https:\/\/mytransgenderdate.com\/es\/blog\/wp-content\/uploads\/sites\/6\/2023\/02\/jennifer-laude-edited-300x169.jpg 300w, https:\/\/mytransgenderdate.com\/es\/blog\/wp-content\/uploads\/sites\/6\/2023\/02\/jennifer-laude-edited-1024x576.jpg 1024w, https:\/\/mytransgenderdate.com\/es\/blog\/wp-content\/uploads\/sites\/6\/2023\/02\/jennifer-laude-edited-768x432.jpg 768w\" sizes=\"auto, (max-width: 1196px) 100vw, 1196px\" \/><figcaption class=\"wp-element-caption\"><em>Jennifer Laude &#8211; Facebook <a href=\"https:\/\/www.facebook.com\/photo\/?fbid=885540154840279&amp;set=a.104684316259204\" target=\"_blank\" rel=\"noreferrer noopener\">@basta.secret<\/a><\/em><\/figcaption><\/figure>\n<\/div>\n\n\n<p>Sin embargo, lamentablemente no es una historia de ficci\u00f3n. <strong>Joseph Scott Pemberton<\/strong>, un soldado estadounidense, fue el responsable del asesinato. Pemberton declar\u00f3 que <strong>mat\u00f3 a Laude<\/strong> estrangul\u00e1ndola en \u201cdefensa propia\u201d despu\u00e9s de descubrir que era una mujer transg\u00e9nero.<\/p>\n\n\n\n<p>Lo m\u00e1s triste es que la Corte Regional de Olongapo decidi\u00f3 reducir el veredicto de <strong>asesinato a homicidio<\/strong> sobre la base de circunstancias atenuantes, entre las que incluyeron el hecho de que Laude no hubiera revelado su identidad de g\u00e9nero. A\u00f1adieron que Pemberton act\u00fao bajo <strong>\u201cpasi\u00f3n y ofuscaci\u00f3n\u201d<\/strong>.<\/p>\n\n\n\n<p>Esto empa\u00f1\u00f3 las relaciones entre Estados Unidos y Filipinas. Adem\u00e1s, el tribunal redujo la sentencia de Pemberton de 12 a 10 a\u00f1os de c\u00e1rcel. <strong>La transfobia no tiene repercusiones importantes<\/strong> y es por eso que todav\u00eda existe.<\/p>\n\n\n\n<h3 class=\"wp-block-heading\">Gwen Araujo (Estados Unidos)<\/h3>\n\n\n\n<p>Puede que el <strong>asesinato de Gwen Araujo<\/strong> sea unos de los cr\u00edmenes contra personas trans m\u00e1s horripilantes de todos los tiempos. Su vida inspir\u00f3 una pel\u00edcula y, despu\u00e9s de su muerte, se organizaron innumerables manifestaciones.<\/p>\n\n\n\n<p>La noche del <strong>3 de octubre de 2002<\/strong>, Gwen Araujo fue a una fiesta en la casa de <strong>Jos\u00e9 y Paul Mer\u00e9l<\/strong>. En la fiesta estaban su hermano menor Emmanuel, Jaron Nabors, Michael Magidson y Nicole Brown.<\/p>\n\n\n<div class=\"wp-block-image\">\n<figure class=\"aligncenter size-full\"><img loading=\"lazy\" decoding=\"async\" width=\"1013\" height=\"570\" src=\"https:\/\/mytransgenderdate.com\/es\/blog\/wp-content\/uploads\/sites\/6\/2024\/12\/Gwen-Araujo-edited.jpg\" alt=\"Gwen Araujo\" class=\"wp-image-802\" srcset=\"https:\/\/mytransgenderdate.com\/es\/blog\/wp-content\/uploads\/sites\/6\/2024\/12\/Gwen-Araujo-edited.jpg 1013w, https:\/\/mytransgenderdate.com\/es\/blog\/wp-content\/uploads\/sites\/6\/2024\/12\/Gwen-Araujo-edited-300x169.jpg 300w, https:\/\/mytransgenderdate.com\/es\/blog\/wp-content\/uploads\/sites\/6\/2024\/12\/Gwen-Araujo-edited-768x432.jpg 768w\" sizes=\"auto, (max-width: 1013px) 100vw, 1013px\" \/><figcaption class=\"wp-element-caption\"><em>Gwen Araujo &#8211; <a href=\"https:\/\/www.facebook.com\/photo.php?fbid=382466157406685&amp;set=pb.100069299116136.-2207520000&amp;type=3\" target=\"_blank\" rel=\"noreferrer noopener\">Facebook<\/a><\/em><\/figcaption><\/figure>\n<\/div>\n\n\n<p>Los hombres mencionados arriba cometieron <strong>el asesinato<\/strong> despu\u00e9s de haber obligado a Araujo a revelar su identidad de g\u00e9nero.<\/p>\n\n\n\n<p>Estas son algunas otras v\u00edctimas de cr\u00edmenes de odio contra personas trans:<\/p>\n\n\n\n<ul class=\"wp-block-list\">\n<li>Celine Walker<\/li>\n\n\n\n<li>Tonya Harvey<\/li>\n\n\n\n<li>Christa Leigh Steel-Knudslein<\/li>\n\n\n\n<li>Roxana Hern\u00e1ndez<\/li>\n\n\n\n<li>London Moore&nbsp;<\/li>\n\n\n\n<li>entre otras<\/li>\n<\/ul>\n\n\n\n<h2 class=\"wp-block-heading\">Atenci\u00f3n a las v\u00edctimas de violencia de g\u00e9nero y de transfobia<\/h2>\n\n\n\n<p>Si conoce es alguien v\u00edctima de violencia de g\u00e9nero y quieres ayudar, puedes salvar una vida comunic\u00e1ndote con <strong>las siguientes l\u00edneas directas<\/strong>:<\/p>\n\n\n\n<ul class=\"wp-block-list\">\n<li><a href=\"http:\/\/www.thetrevorproject.org\/pages\/get-help-now#tt\" target=\"_blank\" rel=\"noreferrer noopener\">The Trevor Project<\/a><\/li>\n\n\n\n<li><a href=\"http:\/\/www.translifeline.org\/\" target=\"_blank\" rel=\"noreferrer noopener\">Trans Lifeline<\/a><\/li>\n\n\n\n<li><a href=\"http:\/\/glbtnationalhelpcenter.org\/\" target=\"_blank\" rel=\"noreferrer noopener\">LGBT National Help Center<\/a><\/li>\n\n\n\n<li><a href=\"http:\/\/fenwayhealth.org\/care\/wellness-resources\/help-lines\/\" target=\"_blank\" rel=\"noreferrer noopener\">Fenway Health Helpline<\/a><\/li>\n<\/ul>\n\n\n\n<p>Ya hemos perdido <strong>demasiadas vidas<\/strong>. \u00bfCu\u00e1nto m\u00e1s vamos a soportar? Nunca es demasiado tarde para hacer lo correcto. Si tienes en tu coraz\u00f3n el deseo de detener estos cr\u00edmenes, lo mejor que puedes hacer es difundir informaci\u00f3n. <strong>Comparte este art\u00edculo<\/strong> con tus seres queridos para concientizarlos.<\/p>\n","protected":false},"excerpt":{"rendered":"<p>El mundo no para de cambiar; es un lugar cada vez m\u00e1s inclusivo. Sin embargo, la homofobia y la transfobia siguen existiendo. Hoy vamos a hablar del origen de la palabra transfobia y de los estragos que causa en la humanidad. Si no te interesa aceptar a las personas que son diferentes a ti, puedes [&hellip;]<\/p>\n","protected":false},"author":4,"featured_media":210,"comment_status":"open","ping_status":"open","sticky":false,"template":"","format":"standard","meta":{"footnotes":""},"categories":[5],"tags":[14,12],"class_list":["post-209","post","type-post","status-publish","format-standard","has-post-thumbnail","hentry","category-informacion","tag-featured","tag-preguntas-frecuentes"],"yoast_head":"<!-- This site is optimized with the Yoast SEO plugin v26.9 - https:\/\/yoast.com\/product\/yoast-seo-wordpress\/ -->\n<title>\u00bfPor qu\u00e9 la transfobia no deber\u00eda existir? - My Transgender Blog<\/title>\n<meta name=\"description\" content=\"Si quieres hacer de este mundo un lugar mejor, \u00a1sigue leyendo! Vamos a hablar sobre qu\u00e9 es la transfobia y por qu\u00e9 no deber\u00eda existir.\" \/>\n<meta name=\"robots\" content=\"index, follow, max-snippet:-1, max-image-preview:large, max-video-preview:-1\" \/>\n<link rel=\"canonical\" href=\"https:\/\/mytransgenderdate.com\/es\/blog\/2023\/02\/por-que-la-transfobia-no-deberia-existir\" \/>\n<meta property=\"og:locale\" content=\"es_ES\" \/>\n<meta property=\"og:type\" content=\"article\" \/>\n<meta property=\"og:title\" content=\"\u00bfPor qu\u00e9 la transfobia no deber\u00eda existir? - My Transgender Blog\" \/>\n<meta property=\"og:description\" content=\"Si quieres hacer de este mundo un lugar mejor, \u00a1sigue leyendo! Vamos a hablar sobre qu\u00e9 es la transfobia y por qu\u00e9 no deber\u00eda existir.\" \/>\n<meta property=\"og:url\" content=\"https:\/\/mytransgenderdate.com\/es\/blog\/2023\/02\/por-que-la-transfobia-no-deberia-existir\" \/>\n<meta property=\"og:site_name\" content=\"My Transgender Blog\" \/>\n<meta property=\"article:published_time\" content=\"2023-02-03T07:52:08+00:00\" \/>\n<meta property=\"article:modified_time\" content=\"2026-03-24T15:55:39+00:00\" \/>\n<meta property=\"og:image\" content=\"https:\/\/mytransgenderdate.com\/es\/blog\/wp-content\/uploads\/sites\/6\/2023\/02\/rainbow-flag-on-cheeck.jpg\" \/>\n\t<meta property=\"og:image:width\" content=\"900\" \/>\n\t<meta property=\"og:image:height\" content=\"600\" \/>\n\t<meta property=\"og:image:type\" content=\"image\/jpeg\" \/>\n<meta name=\"author\" content=\"Amanda Valentine Dela Cruz\" \/>\n<meta name=\"twitter:card\" content=\"summary_large_image\" \/>\n<meta name=\"twitter:creator\" content=\"@https:\/\/x.com\/amandavdelacruz\" \/>\n<meta name=\"twitter:label1\" content=\"Escrito por\" \/>\n\t<meta name=\"twitter:data1\" content=\"Amanda Valentine Dela Cruz\" \/>\n\t<meta name=\"twitter:label2\" content=\"Tiempo de lectura\" \/>\n\t<meta name=\"twitter:data2\" content=\"10 minutos\" \/>\n<script type=\"application\/ld+json\" class=\"yoast-schema-graph\">{\"@context\":\"https:\/\/schema.org\",\"@graph\":[{\"@type\":\"Article\",\"@id\":\"https:\/\/mytransgenderdate.com\/es\/blog\/2023\/02\/por-que-la-transfobia-no-deberia-existir#article\",\"isPartOf\":{\"@id\":\"https:\/\/mytransgenderdate.com\/es\/blog\/2023\/02\/por-que-la-transfobia-no-deberia-existir\"},\"author\":{\"name\":\"Amanda Valentine Dela Cruz\",\"@id\":\"https:\/\/mytransgenderdate.com\/es\/blog\/#\/schema\/person\/4a539c6eb4c5ea1eae736bc6f474722e\"},\"headline\":\"\u00bfPor qu\u00e9 la transfobia no deber\u00eda existir?\",\"datePublished\":\"2023-02-03T07:52:08+00:00\",\"dateModified\":\"2026-03-24T15:55:39+00:00\",\"mainEntityOfPage\":{\"@id\":\"https:\/\/mytransgenderdate.com\/es\/blog\/2023\/02\/por-que-la-transfobia-no-deberia-existir\"},\"wordCount\":1752,\"commentCount\":0,\"image\":{\"@id\":\"https:\/\/mytransgenderdate.com\/es\/blog\/2023\/02\/por-que-la-transfobia-no-deberia-existir#primaryimage\"},\"thumbnailUrl\":\"https:\/\/mytransgenderdate.com\/es\/blog\/wp-content\/uploads\/sites\/6\/2023\/02\/rainbow-flag-on-cheeck.jpg\",\"keywords\":[\"featured\",\"Preguntas frecuentes\"],\"articleSection\":[\"Informaci\u00f3n\"],\"inLanguage\":\"es\",\"potentialAction\":[{\"@type\":\"CommentAction\",\"name\":\"Comment\",\"target\":[\"https:\/\/mytransgenderdate.com\/es\/blog\/2023\/02\/por-que-la-transfobia-no-deberia-existir#respond\"]}]},{\"@type\":\"WebPage\",\"@id\":\"https:\/\/mytransgenderdate.com\/es\/blog\/2023\/02\/por-que-la-transfobia-no-deberia-existir\",\"url\":\"https:\/\/mytransgenderdate.com\/es\/blog\/2023\/02\/por-que-la-transfobia-no-deberia-existir\",\"name\":\"\u00bfPor qu\u00e9 la transfobia no deber\u00eda existir? - My Transgender Blog\",\"isPartOf\":{\"@id\":\"https:\/\/mytransgenderdate.com\/es\/blog\/#website\"},\"primaryImageOfPage\":{\"@id\":\"https:\/\/mytransgenderdate.com\/es\/blog\/2023\/02\/por-que-la-transfobia-no-deberia-existir#primaryimage\"},\"image\":{\"@id\":\"https:\/\/mytransgenderdate.com\/es\/blog\/2023\/02\/por-que-la-transfobia-no-deberia-existir#primaryimage\"},\"thumbnailUrl\":\"https:\/\/mytransgenderdate.com\/es\/blog\/wp-content\/uploads\/sites\/6\/2023\/02\/rainbow-flag-on-cheeck.jpg\",\"datePublished\":\"2023-02-03T07:52:08+00:00\",\"dateModified\":\"2026-03-24T15:55:39+00:00\",\"author\":{\"@id\":\"https:\/\/mytransgenderdate.com\/es\/blog\/#\/schema\/person\/4a539c6eb4c5ea1eae736bc6f474722e\"},\"description\":\"Si quieres hacer de este mundo un lugar mejor, \u00a1sigue leyendo! Vamos a hablar sobre qu\u00e9 es la transfobia y por qu\u00e9 no deber\u00eda existir.\",\"breadcrumb\":{\"@id\":\"https:\/\/mytransgenderdate.com\/es\/blog\/2023\/02\/por-que-la-transfobia-no-deberia-existir#breadcrumb\"},\"inLanguage\":\"es\",\"potentialAction\":[{\"@type\":\"ReadAction\",\"target\":[\"https:\/\/mytransgenderdate.com\/es\/blog\/2023\/02\/por-que-la-transfobia-no-deberia-existir\"]}]},{\"@type\":\"ImageObject\",\"inLanguage\":\"es\",\"@id\":\"https:\/\/mytransgenderdate.com\/es\/blog\/2023\/02\/por-que-la-transfobia-no-deberia-existir#primaryimage\",\"url\":\"https:\/\/mytransgenderdate.com\/es\/blog\/wp-content\/uploads\/sites\/6\/2023\/02\/rainbow-flag-on-cheeck.jpg\",\"contentUrl\":\"https:\/\/mytransgenderdate.com\/es\/blog\/wp-content\/uploads\/sites\/6\/2023\/02\/rainbow-flag-on-cheeck.jpg\",\"width\":900,\"height\":600},{\"@type\":\"BreadcrumbList\",\"@id\":\"https:\/\/mytransgenderdate.com\/es\/blog\/2023\/02\/por-que-la-transfobia-no-deberia-existir#breadcrumb\",\"itemListElement\":[{\"@type\":\"ListItem\",\"position\":1,\"name\":\"Home\",\"item\":\"https:\/\/mytransgenderdate.com\/es\/blog\/\"},{\"@type\":\"ListItem\",\"position\":2,\"name\":\"\u00bfPor qu\u00e9 la transfobia no deber\u00eda existir?\"}]},{\"@type\":\"WebSite\",\"@id\":\"https:\/\/mytransgenderdate.com\/es\/blog\/#website\",\"url\":\"https:\/\/mytransgenderdate.com\/es\/blog\/\",\"name\":\"My Transgender Blog\",\"description\":\"El blog m\u00e1s informativo y entretenido sobre asuntos trans\",\"potentialAction\":[{\"@type\":\"SearchAction\",\"target\":{\"@type\":\"EntryPoint\",\"urlTemplate\":\"https:\/\/mytransgenderdate.com\/es\/blog\/?s={search_term_string}\"},\"query-input\":{\"@type\":\"PropertyValueSpecification\",\"valueRequired\":true,\"valueName\":\"search_term_string\"}}],\"inLanguage\":\"es\"},{\"@type\":\"Person\",\"@id\":\"https:\/\/mytransgenderdate.com\/es\/blog\/#\/schema\/person\/4a539c6eb4c5ea1eae736bc6f474722e\",\"name\":\"Amanda Valentine Dela Cruz\",\"image\":{\"@type\":\"ImageObject\",\"inLanguage\":\"es\",\"@id\":\"https:\/\/mytransgenderdate.com\/es\/blog\/#\/schema\/person\/image\/\",\"url\":\"https:\/\/secure.gravatar.com\/avatar\/127737b0600db04b2fa568a8b7c1625a7e6933ae1eb06d928597b09b45e597e2?s=96&d=mm&r=g\",\"contentUrl\":\"https:\/\/secure.gravatar.com\/avatar\/127737b0600db04b2fa568a8b7c1625a7e6933ae1eb06d928597b09b45e597e2?s=96&d=mm&r=g\",\"caption\":\"Amanda Valentine Dela Cruz\"},\"description\":\"Amanda Valentine is a transgender woman who has written about trans topics for over 10 years for My Transgender Date. She is an author who made it on Amazon\u2019s best-seller list by writing 5 books on trans women\u2019s relationships. Her book \u201cDating Transgender Women for Gentlemen\u201d peaked at #3 in the Transgender Studies category on Amazon. She started writing at the age of 10 and won a poetry contest in 4th grade which convinced her to pursue a career in literature. Her personal experiences as a transgender woman give her a unique perspective on trans topics.\",\"sameAs\":[\"https:\/\/dtwfgbook.abramspublishinghouse.com\",\"https:\/\/www.instagram.com\/amandavdelacruz\/\",\"https:\/\/www.linkedin.com\/in\/amanda-valentine-dela-cruz-82b5641a6\/\",\"https:\/\/x.com\/https:\/\/x.com\/amandavdelacruz\"],\"url\":\"https:\/\/mytransgenderdate.com\/es\/blog\/author\/amanda\"}]}<\/script>\n<!-- \/ Yoast SEO plugin. -->","yoast_head_json":{"title":"\u00bfPor qu\u00e9 la transfobia no deber\u00eda existir? - My Transgender Blog","description":"Si quieres hacer de este mundo un lugar mejor, \u00a1sigue leyendo! Vamos a hablar sobre qu\u00e9 es la transfobia y por qu\u00e9 no deber\u00eda existir.","robots":{"index":"index","follow":"follow","max-snippet":"max-snippet:-1","max-image-preview":"max-image-preview:large","max-video-preview":"max-video-preview:-1"},"canonical":"https:\/\/mytransgenderdate.com\/es\/blog\/2023\/02\/por-que-la-transfobia-no-deberia-existir","og_locale":"es_ES","og_type":"article","og_title":"\u00bfPor qu\u00e9 la transfobia no deber\u00eda existir? - My Transgender Blog","og_description":"Si quieres hacer de este mundo un lugar mejor, \u00a1sigue leyendo! Vamos a hablar sobre qu\u00e9 es la transfobia y por qu\u00e9 no deber\u00eda existir.","og_url":"https:\/\/mytransgenderdate.com\/es\/blog\/2023\/02\/por-que-la-transfobia-no-deberia-existir","og_site_name":"My Transgender Blog","article_published_time":"2023-02-03T07:52:08+00:00","article_modified_time":"2026-03-24T15:55:39+00:00","og_image":[{"width":900,"height":600,"url":"https:\/\/mytransgenderdate.com\/es\/blog\/wp-content\/uploads\/sites\/6\/2023\/02\/rainbow-flag-on-cheeck.jpg","type":"image\/jpeg"}],"author":"Amanda Valentine Dela Cruz","twitter_card":"summary_large_image","twitter_creator":"@https:\/\/x.com\/amandavdelacruz","twitter_misc":{"Escrito por":"Amanda Valentine Dela Cruz","Tiempo de lectura":"10 minutos"},"schema":{"@context":"https:\/\/schema.org","@graph":[{"@type":"Article","@id":"https:\/\/mytransgenderdate.com\/es\/blog\/2023\/02\/por-que-la-transfobia-no-deberia-existir#article","isPartOf":{"@id":"https:\/\/mytransgenderdate.com\/es\/blog\/2023\/02\/por-que-la-transfobia-no-deberia-existir"},"author":{"name":"Amanda Valentine Dela Cruz","@id":"https:\/\/mytransgenderdate.com\/es\/blog\/#\/schema\/person\/4a539c6eb4c5ea1eae736bc6f474722e"},"headline":"\u00bfPor qu\u00e9 la transfobia no deber\u00eda existir?","datePublished":"2023-02-03T07:52:08+00:00","dateModified":"2026-03-24T15:55:39+00:00","mainEntityOfPage":{"@id":"https:\/\/mytransgenderdate.com\/es\/blog\/2023\/02\/por-que-la-transfobia-no-deberia-existir"},"wordCount":1752,"commentCount":0,"image":{"@id":"https:\/\/mytransgenderdate.com\/es\/blog\/2023\/02\/por-que-la-transfobia-no-deberia-existir#primaryimage"},"thumbnailUrl":"https:\/\/mytransgenderdate.com\/es\/blog\/wp-content\/uploads\/sites\/6\/2023\/02\/rainbow-flag-on-cheeck.jpg","keywords":["featured","Preguntas frecuentes"],"articleSection":["Informaci\u00f3n"],"inLanguage":"es","potentialAction":[{"@type":"CommentAction","name":"Comment","target":["https:\/\/mytransgenderdate.com\/es\/blog\/2023\/02\/por-que-la-transfobia-no-deberia-existir#respond"]}]},{"@type":"WebPage","@id":"https:\/\/mytransgenderdate.com\/es\/blog\/2023\/02\/por-que-la-transfobia-no-deberia-existir","url":"https:\/\/mytransgenderdate.com\/es\/blog\/2023\/02\/por-que-la-transfobia-no-deberia-existir","name":"\u00bfPor qu\u00e9 la transfobia no deber\u00eda existir? - My Transgender Blog","isPartOf":{"@id":"https:\/\/mytransgenderdate.com\/es\/blog\/#website"},"primaryImageOfPage":{"@id":"https:\/\/mytransgenderdate.com\/es\/blog\/2023\/02\/por-que-la-transfobia-no-deberia-existir#primaryimage"},"image":{"@id":"https:\/\/mytransgenderdate.com\/es\/blog\/2023\/02\/por-que-la-transfobia-no-deberia-existir#primaryimage"},"thumbnailUrl":"https:\/\/mytransgenderdate.com\/es\/blog\/wp-content\/uploads\/sites\/6\/2023\/02\/rainbow-flag-on-cheeck.jpg","datePublished":"2023-02-03T07:52:08+00:00","dateModified":"2026-03-24T15:55:39+00:00","author":{"@id":"https:\/\/mytransgenderdate.com\/es\/blog\/#\/schema\/person\/4a539c6eb4c5ea1eae736bc6f474722e"},"description":"Si quieres hacer de este mundo un lugar mejor, \u00a1sigue leyendo! Vamos a hablar sobre qu\u00e9 es la transfobia y por qu\u00e9 no deber\u00eda existir.","breadcrumb":{"@id":"https:\/\/mytransgenderdate.com\/es\/blog\/2023\/02\/por-que-la-transfobia-no-deberia-existir#breadcrumb"},"inLanguage":"es","potentialAction":[{"@type":"ReadAction","target":["https:\/\/mytransgenderdate.com\/es\/blog\/2023\/02\/por-que-la-transfobia-no-deberia-existir"]}]},{"@type":"ImageObject","inLanguage":"es","@id":"https:\/\/mytransgenderdate.com\/es\/blog\/2023\/02\/por-que-la-transfobia-no-deberia-existir#primaryimage","url":"https:\/\/mytransgenderdate.com\/es\/blog\/wp-content\/uploads\/sites\/6\/2023\/02\/rainbow-flag-on-cheeck.jpg","contentUrl":"https:\/\/mytransgenderdate.com\/es\/blog\/wp-content\/uploads\/sites\/6\/2023\/02\/rainbow-flag-on-cheeck.jpg","width":900,"height":600},{"@type":"BreadcrumbList","@id":"https:\/\/mytransgenderdate.com\/es\/blog\/2023\/02\/por-que-la-transfobia-no-deberia-existir#breadcrumb","itemListElement":[{"@type":"ListItem","position":1,"name":"Home","item":"https:\/\/mytransgenderdate.com\/es\/blog\/"},{"@type":"ListItem","position":2,"name":"\u00bfPor qu\u00e9 la transfobia no deber\u00eda existir?"}]},{"@type":"WebSite","@id":"https:\/\/mytransgenderdate.com\/es\/blog\/#website","url":"https:\/\/mytransgenderdate.com\/es\/blog\/","name":"My Transgender Blog","description":"El blog m\u00e1s informativo y entretenido sobre asuntos trans","potentialAction":[{"@type":"SearchAction","target":{"@type":"EntryPoint","urlTemplate":"https:\/\/mytransgenderdate.com\/es\/blog\/?s={search_term_string}"},"query-input":{"@type":"PropertyValueSpecification","valueRequired":true,"valueName":"search_term_string"}}],"inLanguage":"es"},{"@type":"Person","@id":"https:\/\/mytransgenderdate.com\/es\/blog\/#\/schema\/person\/4a539c6eb4c5ea1eae736bc6f474722e","name":"Amanda Valentine Dela Cruz","image":{"@type":"ImageObject","inLanguage":"es","@id":"https:\/\/mytransgenderdate.com\/es\/blog\/#\/schema\/person\/image\/","url":"https:\/\/secure.gravatar.com\/avatar\/127737b0600db04b2fa568a8b7c1625a7e6933ae1eb06d928597b09b45e597e2?s=96&d=mm&r=g","contentUrl":"https:\/\/secure.gravatar.com\/avatar\/127737b0600db04b2fa568a8b7c1625a7e6933ae1eb06d928597b09b45e597e2?s=96&d=mm&r=g","caption":"Amanda Valentine Dela Cruz"},"description":"Amanda Valentine is a transgender woman who has written about trans topics for over 10 years for My Transgender Date. She is an author who made it on Amazon\u2019s best-seller list by writing 5 books on trans women\u2019s relationships. Her book \u201cDating Transgender Women for Gentlemen\u201d peaked at #3 in the Transgender Studies category on Amazon. She started writing at the age of 10 and won a poetry contest in 4th grade which convinced her to pursue a career in literature. Her personal experiences as a transgender woman give her a unique perspective on trans topics.","sameAs":["https:\/\/dtwfgbook.abramspublishinghouse.com","https:\/\/www.instagram.com\/amandavdelacruz\/","https:\/\/www.linkedin.com\/in\/amanda-valentine-dela-cruz-82b5641a6\/","https:\/\/x.com\/https:\/\/x.com\/amandavdelacruz"],"url":"https:\/\/mytransgenderdate.com\/es\/blog\/author\/amanda"}]}},"_links":{"self":[{"href":"https:\/\/mytransgenderdate.com\/es\/blog\/wp-json\/wp\/v2\/posts\/209","targetHints":{"allow":["GET"]}}],"collection":[{"href":"https:\/\/mytransgenderdate.com\/es\/blog\/wp-json\/wp\/v2\/posts"}],"about":[{"href":"https:\/\/mytransgenderdate.com\/es\/blog\/wp-json\/wp\/v2\/types\/post"}],"author":[{"embeddable":true,"href":"https:\/\/mytransgenderdate.com\/es\/blog\/wp-json\/wp\/v2\/users\/4"}],"replies":[{"embeddable":true,"href":"https:\/\/mytransgenderdate.com\/es\/blog\/wp-json\/wp\/v2\/comments?post=209"}],"version-history":[{"count":7,"href":"https:\/\/mytransgenderdate.com\/es\/blog\/wp-json\/wp\/v2\/posts\/209\/revisions"}],"predecessor-version":[{"id":1306,"href":"https:\/\/mytransgenderdate.com\/es\/blog\/wp-json\/wp\/v2\/posts\/209\/revisions\/1306"}],"wp:featuredmedia":[{"embeddable":true,"href":"https:\/\/mytransgenderdate.com\/es\/blog\/wp-json\/wp\/v2\/media\/210"}],"wp:attachment":[{"href":"https:\/\/mytransgenderdate.com\/es\/blog\/wp-json\/wp\/v2\/media?parent=209"}],"wp:term":[{"taxonomy":"category","embeddable":true,"href":"https:\/\/mytransgenderdate.com\/es\/blog\/wp-json\/wp\/v2\/categories?post=209"},{"taxonomy":"post_tag","embeddable":true,"href":"https:\/\/mytransgenderdate.com\/es\/blog\/wp-json\/wp\/v2\/tags?post=209"}],"curies":[{"name":"wp","href":"https:\/\/api.w.org\/{rel}","templated":true}]}}