{"id":699,"date":"2024-12-20T01:00:00","date_gmt":"2024-12-20T01:00:00","guid":{"rendered":"https:\/\/mytransgenderdate.com\/es\/blog\/?p=699"},"modified":"2024-12-20T15:14:16","modified_gmt":"2024-12-20T15:14:16","slug":"brigitte-baptiste-y-el-cuidado-del-medio-ambiente","status":"publish","type":"post","link":"https:\/\/mytransgenderdate.com\/es\/blog\/2024\/12\/brigitte-baptiste-y-el-cuidado-del-medio-ambiente","title":{"rendered":"Brigitte Baptiste y el cuidado del medio ambiente"},"content":{"rendered":"\n<p>Brigitte Baptiste es <strong>una bi\u00f3loga y ambientalista colombiana<\/strong> conocida por sus importantes aportes a la biodiversidad y el desarrollo sostenible. Adem\u00e1s, como defensora de las personas transg\u00e9nero, ha desempe\u00f1ado un papel decisivo en la promoci\u00f3n de los derechos LGBTQ+, lo que la ha convertido en un poderoso s\u00edmbolo de resiliencia y progreso tanto en el \u00e1mbito cient\u00edfico como en el social.<\/p>\n\n\n\n<p>La importancia de su trabajo va m\u00e1s all\u00e1 de sus logros cient\u00edficos; ella encarna <strong>la intersecci\u00f3n del cuidado ambiental y la defensa LGBTQ+<\/strong>. Tanto como directora del Instituto Alexander von Humboldt y, actualmente, como <a href=\"https:\/\/universidadean.edu.co\/la-universidad\/quienes-somos\/organigrama\/procesos-de-gobierno-y-direccion\/rectoria\" target=\"_blank\" rel=\"noreferrer noopener\">rectora de la Universidad EAN<\/a>, ha demostrado su compromiso con crear un mundo m\u00e1s inclusivo y comprensivo. Veamos sus notables contribuciones e inspiremos a otros miembros de la comunidad trans para que persigan sus sue\u00f1os y aboguen por un cambio positivo.<\/p>\n\n\n\n<h2 class=\"wp-block-heading\">Origen y formaci\u00f3n<\/h2>\n\n\n\n<p>Brigitte Baptiste <strong>naci\u00f3 y creci\u00f3 en Bogot\u00e1<\/strong>, Colombia. All\u00ed, desde muy joven, desarroll\u00f3 un profundo amor por la naturaleza.<\/p>\n\n\n<div class=\"wp-block-image\">\n<figure class=\"aligncenter size-full\"><img loading=\"lazy\" decoding=\"async\" width=\"900\" height=\"506\" src=\"https:\/\/mytransgenderdate.com\/es\/blog\/wp-content\/uploads\/sites\/6\/2024\/11\/Brigitte_Baptiste_1-edited.jpg\" alt=\"Fotograf\u00eda en blanco y negro de la infancia de Brigitte Baptiste, sonriendo, con gafas y pelo corto\" class=\"wp-image-756\" srcset=\"https:\/\/mytransgenderdate.com\/es\/blog\/wp-content\/uploads\/sites\/6\/2024\/11\/Brigitte_Baptiste_1-edited.jpg 900w, https:\/\/mytransgenderdate.com\/es\/blog\/wp-content\/uploads\/sites\/6\/2024\/11\/Brigitte_Baptiste_1-edited-300x169.jpg 300w, https:\/\/mytransgenderdate.com\/es\/blog\/wp-content\/uploads\/sites\/6\/2024\/11\/Brigitte_Baptiste_1-edited-768x432.jpg 768w\" sizes=\"auto, (max-width: 900px) 100vw, 900px\" \/><figcaption class=\"wp-element-caption\"><em>Brigitte Baptiste en su ni\u00f1ez \u2013 Instagram <a href=\"https:\/\/www.instagram.com\/p\/B-ro2O1JXHR\/\" target=\"_blank\" rel=\"noreferrer noopener\">@brigittelgb<\/a><\/em><\/figcaption><\/figure>\n<\/div>\n\n\n<p>Creci\u00f3 en medio de la rica biodiversidad colombiana y se <strong>fascin\u00f3 por las intrincadas relaciones dentro de los ecosistemas<\/strong>, lo que luego influir\u00eda su trayectoria profesional. Pasar la infancia en un pa\u00eds famoso por su diversidad ambiental jug\u00f3 un papel crucial en la formaci\u00f3n de su pasi\u00f3n por la ecolog\u00eda.<\/p>\n\n\n\n<h3 class=\"wp-block-heading\">Educaci\u00f3n superior<\/h3>\n\n\n\n<p>Baptiste realiz\u00f3 sus estudios superiores en <a href=\"https:\/\/www.javeriana.edu.co\/inicio\" target=\"_blank\" rel=\"noreferrer noopener\">la Pontificia Universidad Javeriana de Bogot\u00e1<\/a>, donde <strong>obtuvo su t\u00edtulo en Biolog\u00eda<\/strong>. Su trayectoria acad\u00e9mica continu\u00f3 con una maestr\u00eda en conservaci\u00f3n y desarrollo tropical en <a href=\"https:\/\/www.ufl.edu\" target=\"_blank\" rel=\"noreferrer noopener\">la Universidad de Florida<\/a>.<\/p>\n\n\n\n<p>Este per\u00edodo de rigurosa formaci\u00f3n acad\u00e9mica le proporcion\u00f3 el conocimiento y las habilidades necesarias para abordar desaf\u00edos ambientales complejos. Sus estudios se caracterizaron por un fuerte \u00e9nfasis en <strong>la aplicaci\u00f3n pr\u00e1ctica de principios ecol\u00f3gicos<\/strong> a problemas reales.<\/p>\n\n\n\n<h3 class=\"wp-block-heading\">Inspiraci\u00f3n en los ecosistemas tropicales<\/h3>\n\n\n\n<p>La exposici\u00f3n a los diversos ecosistemas de Colombia y la necesidad de conservarlos impulsaron su inter\u00e9s por la biolog\u00eda y la ecolog\u00eda. Baptiste se sinti\u00f3 particularmente atra\u00edda por <strong>el estudio de los ecosistemas tropicales<\/strong> y las especies \u00fanicas que viven all\u00ed.<\/p>\n\n\n\n<p>Pero su curiosidad por la naturaleza no era solo acad\u00e9mica. Un profundo compromiso con <strong>comprender y preservar el medio ambiente<\/strong> la llev\u00f3 a participar en varios proyectos de investigaci\u00f3n de campo e iniciativas de conservaci\u00f3n.<\/p>\n\n\n\n<h3 class=\"wp-block-heading\">Ciencias ambientales<\/h3>\n\n\n\n<p>Durante su carrera acad\u00e9mica, Baptiste empez\u00f3 a explorar las dimensiones sociales de las ciencias ambientales. Se dio cuenta de que, para que las estrategias de conservaci\u00f3n sean efectivas, tienen que considerar a las comunidades humanas que interact\u00faan con los ecosistemas. <strong>Este enfoque hol\u00edstico de la ecolog\u00eda<\/strong>, que integra factores sociales y ambientales, se convirti\u00f3 en la piedra angular de su trabajo.<\/p>\n\n\n\n<p>Su formaci\u00f3n y sus primeras experiencias sentaron las bases para una carrera dedicada a la ecol\u00f3gica y a la justicia social, y marcaron el comienzo de su trayectoria como l\u00edder en ambos campos.<\/p>\n\n\n\n<h2 class=\"wp-block-heading\">Vivir como mujer<\/h2>\n\n\n\n<p>La transici\u00f3n de Brigitte Baptiste en la d\u00e9cada de los noventa estuvo marcada por desaf\u00edos tanto personales como profesionales. Salir del cl\u00f3set como una mujer trans en una sociedad conservadora <strong>requiri\u00f3 mucho coraje y resiliencia<\/strong>. A pesar de los prejuicios sociales y los obst\u00e1culos profesionales, permaneci\u00f3 fiel a su identidad y comprometida con su carrera. Su transici\u00f3n fue un cambio personal profundo que influy\u00f3 en sus ideas sobre la ecolog\u00eda y sobre la justicia social.<\/p>\n\n\n<div class=\"wp-block-image\">\n<figure class=\"aligncenter size-full\"><img loading=\"lazy\" decoding=\"async\" width=\"900\" height=\"506\" src=\"https:\/\/mytransgenderdate.com\/es\/blog\/wp-content\/uploads\/sites\/6\/2024\/11\/Brigitte_Baptiste_2-edited.jpg\" alt=\"Brigitte Baptiste con cabello rubio hasta los hombros, con un vestido de terciopelo rojo y una gargantilla negra, mirando reflexiva hacia un lado\" class=\"wp-image-759\" srcset=\"https:\/\/mytransgenderdate.com\/es\/blog\/wp-content\/uploads\/sites\/6\/2024\/11\/Brigitte_Baptiste_2-edited.jpg 900w, https:\/\/mytransgenderdate.com\/es\/blog\/wp-content\/uploads\/sites\/6\/2024\/11\/Brigitte_Baptiste_2-edited-300x169.jpg 300w, https:\/\/mytransgenderdate.com\/es\/blog\/wp-content\/uploads\/sites\/6\/2024\/11\/Brigitte_Baptiste_2-edited-768x432.jpg 768w\" sizes=\"auto, (max-width: 900px) 100vw, 900px\" \/><figcaption class=\"wp-element-caption\"><em>Brigitte Baptiste en un momento de reflexi\u00f3n \u2013 Instagram <a href=\"https:\/\/www.instagram.com\/p\/CsfEaQ3J4hu\/\" target=\"_blank\" rel=\"noreferrer noopener\">@brigittelgb<\/a><\/em><\/figcaption><\/figure>\n<\/div>\n\n\n<p>Ser mujer transg\u00e9nero ha influido profundamente en su trabajo por la defensa de derechos. Su visibilidad y honestidad sobre su trayectoria la han convertido en <strong>una figura destacada de la defensa de las personas LGBTQ+<\/strong> en Colombia. Ha usado su plataforma para promover la aceptaci\u00f3n y la comprensi\u00f3n, y ha hecho \u00e9nfasis en la importancia de la diversidad y la inclusi\u00f3n en todos los aspectos de la vida, incluida la comunidad cient\u00edfica.<\/p>\n\n\n\n<h2 class=\"wp-block-heading\">Una carrera prol\u00edfica<\/h2>\n\n\n\n<p>La carrera de Baptiste en ecolog\u00eda ha estado marcada por el compromiso con <strong>entender y preservar la biodiversidad<\/strong> y por la defensa del desarrollo sostenible.<\/p>\n\n\n<div class=\"wp-block-image\">\n<figure class=\"aligncenter size-full\"><img loading=\"lazy\" decoding=\"async\" width=\"885\" height=\"498\" src=\"https:\/\/mytransgenderdate.com\/es\/blog\/wp-content\/uploads\/sites\/6\/2024\/11\/Brigitte_Baptiste_3-edited.jpg\" alt=\"Brigitte Baptiste, con pelo largo y gafas, sosteniendo un premio mientras sonr\u00ede. Un hombre de traje la aplaude en el escenario\" class=\"wp-image-762\" srcset=\"https:\/\/mytransgenderdate.com\/es\/blog\/wp-content\/uploads\/sites\/6\/2024\/11\/Brigitte_Baptiste_3-edited.jpg 885w, https:\/\/mytransgenderdate.com\/es\/blog\/wp-content\/uploads\/sites\/6\/2024\/11\/Brigitte_Baptiste_3-edited-300x169.jpg 300w, https:\/\/mytransgenderdate.com\/es\/blog\/wp-content\/uploads\/sites\/6\/2024\/11\/Brigitte_Baptiste_3-edited-768x432.jpg 768w\" sizes=\"auto, (max-width: 885px) 100vw, 885px\" \/><figcaption class=\"wp-element-caption\"><em>Brigitte Baptiste sostiene un premio \u2013 Instagram <a href=\"https:\/\/www.instagram.com\/p\/Bi5yl-chfFW\/\" target=\"_blank\" rel=\"noreferrer noopener\">@brigittelgb<\/a><\/em><\/figcaption><\/figure>\n<\/div>\n\n\n<p>El trabajo que lleva adelante se distingue por una combinaci\u00f3n \u00fanica de rigor cient\u00edfico y conciencia social; se centra en las intrincadas conexiones entre los ecosistemas y las comunidades humanas. Gracias a su enfoque, no solo ha avanzado la investigaci\u00f3n en ecolog\u00eda, sino que tambi\u00e9n se ha hecho \u00e9nfasis en <strong>la importancia de integrar las dimensiones sociales<\/strong> a la conservaci\u00f3n ambiental.<\/p>\n\n\n\n<h3 class=\"wp-block-heading\">Directora de un instituto de investigaci\u00f3n<\/h3>\n\n\n\n<p>Baptiste fue la directora del Instituto de Investigaci\u00f3n de Recursos Biol\u00f3gicos Alexander von Humboldt, un puesto prestigioso que ocup\u00f3 durante casi una d\u00e9cada. Bajo su liderazgo, el instituto logr\u00f3 <strong>considerables avances en la investigaci\u00f3n de la biodiversidad<\/strong> y gener\u00f3 valioso conocimiento sobre los ricos ecosistemas colombianos.<\/p>\n\n\n\n<p>Brigitte desempe\u00f1\u00f3 un papel fundamental en la ampliaci\u00f3n de la agenda de investigaci\u00f3n del instituto, <strong>promovi\u00f3 los estudios interdisciplinarios<\/strong> y foment\u00f3 colaboraciones con organizaciones locales e internacionales.<\/p>\n\n\n\n<h3 class=\"wp-block-heading\">Rectora<\/h3>\n\n\n\n<p>En su actual cargo como rectora de la Universidad EAN, Baptiste contin\u00faa <strong>influyendo en el campo de la ecolog\u00eda<\/strong> a trav\u00e9s de la educaci\u00f3n y el liderazgo. En EAN, incorpora principios ecol\u00f3gicos en los planes de estudio y en las iniciativas de investigaci\u00f3n de la universidad para defender la sostenibilidad y la innovaci\u00f3n.<\/p>\n\n\n\n<p>Su visi\u00f3n de la educaci\u00f3n superior enfatiza la importancia de <strong>formar l\u00edderes para el futuro<\/strong> que tengan la preparaci\u00f3n necesaria para afrontar los retos medioambientales desde un enfoque integral y con conciencia social.<\/p>\n\n\n\n<h3 class=\"wp-block-heading\">Sus aportes a la sociedad<\/h3>\n\n\n\n<p>Son muchos los grandes aportes que ha hecho Baptiste a la biodiversidad y el desarrollo sostenible. Ha desempe\u00f1ado un papel decisivo en el desarrollo de estrategias para <strong>conservar la diversidad de ecosistemas de Colombia<\/strong>, incluidos los bosques tropicales, los humedales y los p\u00e1ramos.<\/p>\n\n\n\n<p>Con su trabajo, ha destacado la necesidad de <strong>proteger estos h\u00e1bitats<\/strong>, no solo por su valor ecol\u00f3gico sino tambi\u00e9n por la importancia cultural y econ\u00f3mica que tienen para las comunidades locales.<\/p>\n\n\n\n<h3 class=\"wp-block-heading\">Una promesa a la naturaleza<\/h3>\n\n\n\n<p>Su defensa del desarrollo sostenible est\u00e1 profundamente arraigada en la creencia de que los esfuerzos de conservaci\u00f3n deben ser inclusivos y equitativos. Baptiste ha abogado por <strong>la inclusi\u00f3n de voces marginadas<\/strong> en los procesos de toma de decisiones ambientales y ha hecho \u00e9nfasis en que el desarrollo sostenible no puede ser logrado si no se abordan las desigualdades sociales.<\/p>\n\n\n\n<p>Esta perspectiva le ha dado forma a su trabajo en diversas plataformas nacionales e internacionales, donde ha abogado por pol\u00edticas que equilibren la preservaci\u00f3n ecol\u00f3gica con la justicia social.<\/p>\n\n\n\n<p>A lo largo de su carrera, ha <strong>recibido muchos premios y reconocimientos<\/strong> por sus contribuciones a la ecolog\u00eda y las ciencias ambientales.<\/p>\n\n\n\n<p>[[SIGNUP]]<\/p>\n\n\n\n<h2 class=\"wp-block-heading\">M\u00e1s contribuciones a la ciencia y a la comunidad LGBTQ+<\/h2>\n\n\n\n<p>Brigitte Baptiste ha realizado importantes contribuciones a la comunicaci\u00f3n cient\u00edfica en un intento de cerrar la brecha entre <strong>los conceptos ecol\u00f3gicos complejos y la comprensi\u00f3n del p\u00fablico<\/strong>. Su capacidad para transmitir ideas cient\u00edficas de forma accesible y atractiva le ha valido un amplio reconocimiento.<\/p>\n\n\n<div class=\"wp-block-image\">\n<figure class=\"aligncenter size-large\"><img loading=\"lazy\" decoding=\"async\" width=\"1065\" height=\"599\" src=\"https:\/\/mytransgenderdate.com\/es\/blog\/wp-content\/uploads\/sites\/6\/2024\/11\/Brigitte_Baptiste_4-1-edited.jpg\" alt=\"Brigitte Baptiste hace una presentaci\u00f3n interesante\" class=\"wp-image-766\" srcset=\"https:\/\/mytransgenderdate.com\/es\/blog\/wp-content\/uploads\/sites\/6\/2024\/11\/Brigitte_Baptiste_4-1-edited.jpg 1065w, https:\/\/mytransgenderdate.com\/es\/blog\/wp-content\/uploads\/sites\/6\/2024\/11\/Brigitte_Baptiste_4-1-edited-300x169.jpg 300w, https:\/\/mytransgenderdate.com\/es\/blog\/wp-content\/uploads\/sites\/6\/2024\/11\/Brigitte_Baptiste_4-1-edited-1024x576.jpg 1024w, https:\/\/mytransgenderdate.com\/es\/blog\/wp-content\/uploads\/sites\/6\/2024\/11\/Brigitte_Baptiste_4-1-edited-768x432.jpg 768w\" sizes=\"auto, (max-width: 1065px) 100vw, 1065px\" \/><figcaption class=\"wp-element-caption\"><em>Brigitte Baptiste hace una presentaci\u00f3n en la Universidad EAN \u2013 Instagram <a href=\"https:\/\/www.instagram.com\/p\/CymHvzwp-JS\/?img_index=1\" target=\"_blank\" rel=\"noreferrer noopener\">@movimientoclic<\/a><\/em><\/figcaption><\/figure>\n<\/div>\n\n\n<p>Entre sus trabajos de divulgaci\u00f3n podemos mencionar una variedad de conferencias p\u00fablicas, conferencias acad\u00e9micas y apariciones en los medios, en los que <strong>ha abogado por la conservaci\u00f3n de la biodiversidad<\/strong> y el desarrollo sostenible.<\/p>\n\n\n\n<p>Su trabajo a menudo destaca <strong>la interdependencia de los sistemas humanos y los naturales<\/strong> y resalta la necesidad de soluciones hol\u00edsticas para los problemas ambientales.<\/p>\n\n\n\n<h3 class=\"wp-block-heading\">Promoci\u00f3n de la ecolog\u00eda queer<\/h3>\n\n\n\n<p>Una de las contribuciones notables de Baptiste es la difusi\u00f3n de la ecolog\u00eda queer, un campo que examina <strong>las intersecciones de la ecolog\u00eda, el g\u00e9nero y la sexualidad<\/strong>. Al desafiar las perspectivas heteronormativas y con sesgos de g\u00e9nero tradicionales en la investigaci\u00f3n en ecolog\u00eda, Brigitte se\u00f1ala la diversidad de formas de vida y la importancia de que haya m\u00e1s inclusi\u00f3n en la investigaci\u00f3n cient\u00edfica.<\/p>\n\n\n\n<p>Sus esfuerzos en esta \u00e1rea incluyen escribir y hablar extensamente sobre <strong>c\u00f3mo las identidades queer pueden ofrecer conocimientos \u00fanicos<\/strong> sobre los procesos ecol\u00f3gicos y las estrategias de conservaci\u00f3n.<\/p>\n\n\n\n<h3 class=\"wp-block-heading\">Charla TEDx<\/h3>\n\n\n\n<p>Las principales conferencias de Baptiste, incluida su charla TEDx, han sido fundamentales para difundir sus ideas a una audiencia m\u00e1s amplia. En su charla TEDx, aborda <strong>el concepto de ecolog\u00eda queer<\/strong> y la importancia de reconocer las identidades diversas en la naturaleza.<\/p>\n\n\n\n<figure class=\"wp-block-embed aligncenter is-type-video is-provider-youtube wp-block-embed-youtube wp-embed-aspect-16-9 wp-has-aspect-ratio\"><div class=\"wp-block-embed__wrapper\">\n<iframe loading=\"lazy\" title=\"Nada m\u00e1s queer que la naturaleza | Brigitte Baptiste | TEDxRiodelaPlata\" width=\"640\" height=\"360\" src=\"https:\/\/www.youtube.com\/embed\/zJC1fsaCbnI?feature=oembed\" frameborder=\"0\" allow=\"accelerometer; autoplay; clipboard-write; encrypted-media; gyroscope; picture-in-picture; web-share\" referrerpolicy=\"strict-origin-when-cross-origin\" allowfullscreen><\/iframe>\n<\/div><\/figure>\n\n\n\n<p>Sus presentaciones son muy atrapantes y a menudo incluyen ejemplos v\u00edvidos y an\u00e9cdotas personales que ayudan a ilustrar conceptos ecol\u00f3gicos complejos y su relevancia para la vida cotidiana. Estas conferencias la han posicionado como <strong>una voz destacada tanto en las ciencias ambientales como en la defensa del colectivo LGBTQ+<\/strong>.<\/p>\n\n\n\n<h3 class=\"wp-block-heading\">La palma de cera del Quind\u00edo<\/h3>\n\n\n\n<p>Baptiste suele citar un ejemplo interesante: la palma de cera del Quind\u00edo, una <strong>especie conocida por su transformaci\u00f3n de g\u00e9nero<\/strong>. Este fen\u00f3meno ecol\u00f3gico \u00fanico desaf\u00eda las nociones binarias de g\u00e9nero y subraya la fluidez y diversidad inherentes a la naturaleza.<\/p>\n\n\n\n<p>Al nombrar estos ejemplos, Baptiste busca que se <strong>reflexione sobre los paradigmas cient\u00edficos convencionales<\/strong> y aboga por una comprensi\u00f3n m\u00e1s integradora de los procesos ecol\u00f3gicos.<\/p>\n\n\n\n<h2 class=\"wp-block-heading\">Premios y legado<\/h2>\n\n\n\n<p>A lo largo de su carrera, Brigitte Baptiste ha recibido muchos premios y reconocimientos por sus innovaciones, <strong>tanto en la ecolog\u00eda como en la defensa de derechos LGBTQ+<\/strong>. Entre los m\u00e1s destacados se encuentra el reconocimiento que le dio el Instituto Alexander von Humboldt, donde se desempe\u00f1\u00f3 como directora durante casi una d\u00e9cada. Bajo su liderazgo, el instituto logr\u00f3 avances significativos en investigaci\u00f3n de biodiversidad y esfuerzos de conservaci\u00f3n en Colombia.<\/p>\n\n\n<div class=\"wp-block-image\">\n<figure class=\"aligncenter size-full\"><img loading=\"lazy\" decoding=\"async\" width=\"900\" height=\"506\" src=\"https:\/\/mytransgenderdate.com\/es\/blog\/wp-content\/uploads\/sites\/6\/2024\/11\/Brigitte_Baptiste_5-edited.jpg\" alt=\"Brigitte Baptiste celebra la diversidad en un vibrante evento en Bogot\u00e1 junto con tres artistas drag vestidas con impresionantes trajes coloridos\" class=\"wp-image-768\" srcset=\"https:\/\/mytransgenderdate.com\/es\/blog\/wp-content\/uploads\/sites\/6\/2024\/11\/Brigitte_Baptiste_5-edited.jpg 900w, https:\/\/mytransgenderdate.com\/es\/blog\/wp-content\/uploads\/sites\/6\/2024\/11\/Brigitte_Baptiste_5-edited-300x169.jpg 300w, https:\/\/mytransgenderdate.com\/es\/blog\/wp-content\/uploads\/sites\/6\/2024\/11\/Brigitte_Baptiste_5-edited-768x432.jpg 768w\" sizes=\"auto, (max-width: 900px) 100vw, 900px\" \/><figcaption class=\"wp-element-caption\"><em>Brigitte Baptiste celebra la diversidad en Bogot\u00e1 \u2013 Instagram <a href=\"https:\/\/www.instagram.com\/p\/CuB9A9Aunyh\/?locale=fr\" target=\"_blank\" rel=\"noreferrer noopener\">@movimientoclic<\/a><\/em><\/figcaption><\/figure>\n<\/div>\n\n\n<p>Adem\u00e1s, varias organizaciones nacionales e internacionales la han condecorado por sus contribuciones a las ciencias ambientales y su defensa del desarrollo sostenible. <strong>Estos premios subrayan su influencia<\/strong> y la alta estima que le tienen en la comunidad cient\u00edfica.<\/p>\n\n\n\n<p>Su influencia se extiende m\u00e1s all\u00e1 de los logros cient\u00edficos y ha dejado un legado duradero tanto en el mundo de la ecol\u00f3gica como en la comunidad LGBTQ+. <strong>Su trabajo pionero en la ecolog\u00eda queer<\/strong> ha desafiado los paradigmas cient\u00edficos tradicionales y ha promovido una mayor inclusi\u00f3n dentro del campo.<\/p>\n\n\n\n<p>Es una defensora visible y abierta de los derechos de las personas transg\u00e9nero, ha inspirado a innumerables personas y ha fomentado <strong>un entorno m\u00e1s inclusivo para los profesionales LGBTQ+<\/strong> en la ciencia. El legado de Baptiste se refleja en sus esfuerzos continuos por integrar la justicia social en la investigaci\u00f3n ecol\u00f3gica y su compromiso por promover la diversidad y la igualdad.<\/p>\n\n\n\n<h2 class=\"wp-block-heading\">Sigue a Brigitte Baptiste<\/h2>\n\n\n\n<p>Puedes seguir a Brigitte Baptiste en redes sociales y plataformas profesionales para enterarte de sus logros y apoyar su trayectoria.<\/p>\n\n\n\n<ul class=\"wp-block-list\">\n<li><strong>Facebook:<\/strong> <a href=\"https:\/\/www.facebook.com\/brigitte.baptiste.ballera\/\" target=\"_blank\" rel=\"noreferrer noopener\">@brigitte.baptiste.ballera<\/a><\/li>\n\n\n\n<li><strong>Instagram:<\/strong> <a href=\"https:\/\/www.instagram.com\/brigittelgb\/\" target=\"_blank\" rel=\"noreferrer noopener\">@brigittelgb<\/a><\/li>\n\n\n\n<li><strong>Threads:<\/strong> <a href=\"https:\/\/www.threads.net\/@brigittelgb\" target=\"_blank\" rel=\"noreferrer noopener\">@brigittelgb<\/a><\/li>\n\n\n\n<li><strong>X:<\/strong> <a href=\"https:\/\/x.com\/brigittelgb\" target=\"_blank\" rel=\"noreferrer noopener\">@brigittelgb<\/a><\/li>\n<\/ul>\n\n\n\n<p>\u00bfTe gust\u00f3 la historia de Brigitte? Comp\u00e1rtela en redes sociales para concientizar a las personas que te importan y <strong>crear m\u00e1s espacios seguros<\/strong> para personas trans de todo el mundo.<\/p>\n","protected":false},"excerpt":{"rendered":"<p>Brigitte Baptiste es una bi\u00f3loga y ambientalista colombiana conocida por sus importantes aportes a la biodiversidad y el desarrollo sostenible. Adem\u00e1s, como defensora de las personas transg\u00e9nero, ha desempe\u00f1ado un papel decisivo en la promoci\u00f3n de los derechos LGBTQ+, lo que la ha convertido en un poderoso s\u00edmbolo de resiliencia y progreso tanto en el [&hellip;]<\/p>\n","protected":false},"author":4,"featured_media":753,"comment_status":"open","ping_status":"open","sticky":false,"template":"","format":"standard","meta":{"footnotes":""},"categories":[4],"tags":[14],"class_list":["post-699","post","type-post","status-publish","format-standard","has-post-thumbnail","hentry","category-influencers","tag-featured"],"yoast_head":"<!-- This site is optimized with the Yoast SEO plugin v26.9 - https:\/\/yoast.com\/product\/yoast-seo-wordpress\/ -->\n<title>Brigitte Baptiste y el cuidado del medio ambiente - My Transgender Blog<\/title>\n<meta name=\"description\" content=\"Descubre el trabajo de la pionera Brigitte Baptiste, la ecologista y defensora de los derechos de las personas LGBTQ+ que tiende puentes entre las ciencias ambientales y la justicia social.\" \/>\n<meta name=\"robots\" content=\"index, follow, max-snippet:-1, max-image-preview:large, max-video-preview:-1\" \/>\n<link rel=\"canonical\" href=\"https:\/\/mytransgenderdate.com\/es\/blog\/2024\/12\/brigitte-baptiste-y-el-cuidado-del-medio-ambiente\" \/>\n<meta property=\"og:locale\" content=\"es_ES\" \/>\n<meta property=\"og:type\" content=\"article\" \/>\n<meta property=\"og:title\" content=\"Brigitte Baptiste y el cuidado del medio ambiente - My Transgender Blog\" \/>\n<meta property=\"og:description\" content=\"Descubre el trabajo de la pionera Brigitte Baptiste, la ecologista y defensora de los derechos de las personas LGBTQ+ que tiende puentes entre las ciencias ambientales y la justicia social.\" \/>\n<meta property=\"og:url\" content=\"https:\/\/mytransgenderdate.com\/es\/blog\/2024\/12\/brigitte-baptiste-y-el-cuidado-del-medio-ambiente\" \/>\n<meta property=\"og:site_name\" content=\"My Transgender Blog\" \/>\n<meta property=\"article:published_time\" content=\"2024-12-20T01:00:00+00:00\" \/>\n<meta property=\"article:modified_time\" content=\"2024-12-20T15:14:16+00:00\" \/>\n<meta property=\"og:image\" content=\"https:\/\/mytransgenderdate.com\/es\/blog\/wp-content\/uploads\/sites\/6\/2024\/11\/featured_image.jpg\" \/>\n\t<meta property=\"og:image:width\" content=\"900\" \/>\n\t<meta property=\"og:image:height\" content=\"600\" \/>\n\t<meta property=\"og:image:type\" content=\"image\/jpeg\" \/>\n<meta name=\"author\" content=\"Amanda Valentine Dela Cruz\" \/>\n<meta name=\"twitter:card\" content=\"summary_large_image\" \/>\n<meta name=\"twitter:creator\" content=\"@https:\/\/x.com\/amandavdelacruz\" \/>\n<meta name=\"twitter:label1\" content=\"Escrito por\" \/>\n\t<meta name=\"twitter:data1\" content=\"Amanda Valentine Dela Cruz\" \/>\n\t<meta name=\"twitter:label2\" content=\"Tiempo de lectura\" \/>\n\t<meta name=\"twitter:data2\" content=\"10 minutos\" \/>\n<script type=\"application\/ld+json\" class=\"yoast-schema-graph\">{\"@context\":\"https:\/\/schema.org\",\"@graph\":[{\"@type\":\"Article\",\"@id\":\"https:\/\/mytransgenderdate.com\/es\/blog\/2024\/12\/brigitte-baptiste-y-el-cuidado-del-medio-ambiente#article\",\"isPartOf\":{\"@id\":\"https:\/\/mytransgenderdate.com\/es\/blog\/2024\/12\/brigitte-baptiste-y-el-cuidado-del-medio-ambiente\"},\"author\":{\"name\":\"Amanda Valentine Dela Cruz\",\"@id\":\"https:\/\/mytransgenderdate.com\/es\/blog\/#\/schema\/person\/4a539c6eb4c5ea1eae736bc6f474722e\"},\"headline\":\"Brigitte Baptiste y el cuidado del medio ambiente\",\"datePublished\":\"2024-12-20T01:00:00+00:00\",\"dateModified\":\"2024-12-20T15:14:16+00:00\",\"mainEntityOfPage\":{\"@id\":\"https:\/\/mytransgenderdate.com\/es\/blog\/2024\/12\/brigitte-baptiste-y-el-cuidado-del-medio-ambiente\"},\"wordCount\":1945,\"commentCount\":0,\"image\":{\"@id\":\"https:\/\/mytransgenderdate.com\/es\/blog\/2024\/12\/brigitte-baptiste-y-el-cuidado-del-medio-ambiente#primaryimage\"},\"thumbnailUrl\":\"https:\/\/mytransgenderdate.com\/es\/blog\/wp-content\/uploads\/sites\/6\/2024\/11\/featured_image.jpg\",\"keywords\":[\"featured\"],\"articleSection\":[\"Influencers\"],\"inLanguage\":\"es\",\"potentialAction\":[{\"@type\":\"CommentAction\",\"name\":\"Comment\",\"target\":[\"https:\/\/mytransgenderdate.com\/es\/blog\/2024\/12\/brigitte-baptiste-y-el-cuidado-del-medio-ambiente#respond\"]}]},{\"@type\":\"WebPage\",\"@id\":\"https:\/\/mytransgenderdate.com\/es\/blog\/2024\/12\/brigitte-baptiste-y-el-cuidado-del-medio-ambiente\",\"url\":\"https:\/\/mytransgenderdate.com\/es\/blog\/2024\/12\/brigitte-baptiste-y-el-cuidado-del-medio-ambiente\",\"name\":\"Brigitte Baptiste y el cuidado del medio ambiente - My Transgender Blog\",\"isPartOf\":{\"@id\":\"https:\/\/mytransgenderdate.com\/es\/blog\/#website\"},\"primaryImageOfPage\":{\"@id\":\"https:\/\/mytransgenderdate.com\/es\/blog\/2024\/12\/brigitte-baptiste-y-el-cuidado-del-medio-ambiente#primaryimage\"},\"image\":{\"@id\":\"https:\/\/mytransgenderdate.com\/es\/blog\/2024\/12\/brigitte-baptiste-y-el-cuidado-del-medio-ambiente#primaryimage\"},\"thumbnailUrl\":\"https:\/\/mytransgenderdate.com\/es\/blog\/wp-content\/uploads\/sites\/6\/2024\/11\/featured_image.jpg\",\"datePublished\":\"2024-12-20T01:00:00+00:00\",\"dateModified\":\"2024-12-20T15:14:16+00:00\",\"author\":{\"@id\":\"https:\/\/mytransgenderdate.com\/es\/blog\/#\/schema\/person\/4a539c6eb4c5ea1eae736bc6f474722e\"},\"description\":\"Descubre el trabajo de la pionera Brigitte Baptiste, la ecologista y defensora de los derechos de las personas LGBTQ+ que tiende puentes entre las ciencias ambientales y la justicia social.\",\"breadcrumb\":{\"@id\":\"https:\/\/mytransgenderdate.com\/es\/blog\/2024\/12\/brigitte-baptiste-y-el-cuidado-del-medio-ambiente#breadcrumb\"},\"inLanguage\":\"es\",\"potentialAction\":[{\"@type\":\"ReadAction\",\"target\":[\"https:\/\/mytransgenderdate.com\/es\/blog\/2024\/12\/brigitte-baptiste-y-el-cuidado-del-medio-ambiente\"]}]},{\"@type\":\"ImageObject\",\"inLanguage\":\"es\",\"@id\":\"https:\/\/mytransgenderdate.com\/es\/blog\/2024\/12\/brigitte-baptiste-y-el-cuidado-del-medio-ambiente#primaryimage\",\"url\":\"https:\/\/mytransgenderdate.com\/es\/blog\/wp-content\/uploads\/sites\/6\/2024\/11\/featured_image.jpg\",\"contentUrl\":\"https:\/\/mytransgenderdate.com\/es\/blog\/wp-content\/uploads\/sites\/6\/2024\/11\/featured_image.jpg\",\"width\":900,\"height\":600},{\"@type\":\"BreadcrumbList\",\"@id\":\"https:\/\/mytransgenderdate.com\/es\/blog\/2024\/12\/brigitte-baptiste-y-el-cuidado-del-medio-ambiente#breadcrumb\",\"itemListElement\":[{\"@type\":\"ListItem\",\"position\":1,\"name\":\"Home\",\"item\":\"https:\/\/mytransgenderdate.com\/es\/blog\/\"},{\"@type\":\"ListItem\",\"position\":2,\"name\":\"Brigitte Baptiste y el cuidado del medio ambiente\"}]},{\"@type\":\"WebSite\",\"@id\":\"https:\/\/mytransgenderdate.com\/es\/blog\/#website\",\"url\":\"https:\/\/mytransgenderdate.com\/es\/blog\/\",\"name\":\"My Transgender Blog\",\"description\":\"El blog m\u00e1s informativo y entretenido sobre asuntos trans\",\"potentialAction\":[{\"@type\":\"SearchAction\",\"target\":{\"@type\":\"EntryPoint\",\"urlTemplate\":\"https:\/\/mytransgenderdate.com\/es\/blog\/?s={search_term_string}\"},\"query-input\":{\"@type\":\"PropertyValueSpecification\",\"valueRequired\":true,\"valueName\":\"search_term_string\"}}],\"inLanguage\":\"es\"},{\"@type\":\"Person\",\"@id\":\"https:\/\/mytransgenderdate.com\/es\/blog\/#\/schema\/person\/4a539c6eb4c5ea1eae736bc6f474722e\",\"name\":\"Amanda Valentine Dela Cruz\",\"image\":{\"@type\":\"ImageObject\",\"inLanguage\":\"es\",\"@id\":\"https:\/\/mytransgenderdate.com\/es\/blog\/#\/schema\/person\/image\/\",\"url\":\"https:\/\/secure.gravatar.com\/avatar\/127737b0600db04b2fa568a8b7c1625a7e6933ae1eb06d928597b09b45e597e2?s=96&d=mm&r=g\",\"contentUrl\":\"https:\/\/secure.gravatar.com\/avatar\/127737b0600db04b2fa568a8b7c1625a7e6933ae1eb06d928597b09b45e597e2?s=96&d=mm&r=g\",\"caption\":\"Amanda Valentine Dela Cruz\"},\"description\":\"Amanda Valentine is a transgender woman who has written about trans topics for over 10 years for My Transgender Date. She is an author who made it on Amazon\u2019s best-seller list by writing 5 books on trans women\u2019s relationships. Her book \u201cDating Transgender Women for Gentlemen\u201d peaked at #3 in the Transgender Studies category on Amazon. She started writing at the age of 10 and won a poetry contest in 4th grade which convinced her to pursue a career in literature. Her personal experiences as a transgender woman give her a unique perspective on trans topics.\",\"sameAs\":[\"https:\/\/dtwfgbook.abramspublishinghouse.com\",\"https:\/\/www.instagram.com\/amandavdelacruz\/\",\"https:\/\/www.linkedin.com\/in\/amanda-valentine-dela-cruz-82b5641a6\/\",\"https:\/\/x.com\/https:\/\/x.com\/amandavdelacruz\"],\"url\":\"https:\/\/mytransgenderdate.com\/es\/blog\/author\/amanda\"}]}<\/script>\n<!-- \/ Yoast SEO plugin. -->","yoast_head_json":{"title":"Brigitte Baptiste y el cuidado del medio ambiente - My Transgender Blog","description":"Descubre el trabajo de la pionera Brigitte Baptiste, la ecologista y defensora de los derechos de las personas LGBTQ+ que tiende puentes entre las ciencias ambientales y la justicia social.","robots":{"index":"index","follow":"follow","max-snippet":"max-snippet:-1","max-image-preview":"max-image-preview:large","max-video-preview":"max-video-preview:-1"},"canonical":"https:\/\/mytransgenderdate.com\/es\/blog\/2024\/12\/brigitte-baptiste-y-el-cuidado-del-medio-ambiente","og_locale":"es_ES","og_type":"article","og_title":"Brigitte Baptiste y el cuidado del medio ambiente - My Transgender Blog","og_description":"Descubre el trabajo de la pionera Brigitte Baptiste, la ecologista y defensora de los derechos de las personas LGBTQ+ que tiende puentes entre las ciencias ambientales y la justicia social.","og_url":"https:\/\/mytransgenderdate.com\/es\/blog\/2024\/12\/brigitte-baptiste-y-el-cuidado-del-medio-ambiente","og_site_name":"My Transgender Blog","article_published_time":"2024-12-20T01:00:00+00:00","article_modified_time":"2024-12-20T15:14:16+00:00","og_image":[{"width":900,"height":600,"url":"https:\/\/mytransgenderdate.com\/es\/blog\/wp-content\/uploads\/sites\/6\/2024\/11\/featured_image.jpg","type":"image\/jpeg"}],"author":"Amanda Valentine Dela Cruz","twitter_card":"summary_large_image","twitter_creator":"@https:\/\/x.com\/amandavdelacruz","twitter_misc":{"Escrito por":"Amanda Valentine Dela Cruz","Tiempo de lectura":"10 minutos"},"schema":{"@context":"https:\/\/schema.org","@graph":[{"@type":"Article","@id":"https:\/\/mytransgenderdate.com\/es\/blog\/2024\/12\/brigitte-baptiste-y-el-cuidado-del-medio-ambiente#article","isPartOf":{"@id":"https:\/\/mytransgenderdate.com\/es\/blog\/2024\/12\/brigitte-baptiste-y-el-cuidado-del-medio-ambiente"},"author":{"name":"Amanda Valentine Dela Cruz","@id":"https:\/\/mytransgenderdate.com\/es\/blog\/#\/schema\/person\/4a539c6eb4c5ea1eae736bc6f474722e"},"headline":"Brigitte Baptiste y el cuidado del medio ambiente","datePublished":"2024-12-20T01:00:00+00:00","dateModified":"2024-12-20T15:14:16+00:00","mainEntityOfPage":{"@id":"https:\/\/mytransgenderdate.com\/es\/blog\/2024\/12\/brigitte-baptiste-y-el-cuidado-del-medio-ambiente"},"wordCount":1945,"commentCount":0,"image":{"@id":"https:\/\/mytransgenderdate.com\/es\/blog\/2024\/12\/brigitte-baptiste-y-el-cuidado-del-medio-ambiente#primaryimage"},"thumbnailUrl":"https:\/\/mytransgenderdate.com\/es\/blog\/wp-content\/uploads\/sites\/6\/2024\/11\/featured_image.jpg","keywords":["featured"],"articleSection":["Influencers"],"inLanguage":"es","potentialAction":[{"@type":"CommentAction","name":"Comment","target":["https:\/\/mytransgenderdate.com\/es\/blog\/2024\/12\/brigitte-baptiste-y-el-cuidado-del-medio-ambiente#respond"]}]},{"@type":"WebPage","@id":"https:\/\/mytransgenderdate.com\/es\/blog\/2024\/12\/brigitte-baptiste-y-el-cuidado-del-medio-ambiente","url":"https:\/\/mytransgenderdate.com\/es\/blog\/2024\/12\/brigitte-baptiste-y-el-cuidado-del-medio-ambiente","name":"Brigitte Baptiste y el cuidado del medio ambiente - My Transgender Blog","isPartOf":{"@id":"https:\/\/mytransgenderdate.com\/es\/blog\/#website"},"primaryImageOfPage":{"@id":"https:\/\/mytransgenderdate.com\/es\/blog\/2024\/12\/brigitte-baptiste-y-el-cuidado-del-medio-ambiente#primaryimage"},"image":{"@id":"https:\/\/mytransgenderdate.com\/es\/blog\/2024\/12\/brigitte-baptiste-y-el-cuidado-del-medio-ambiente#primaryimage"},"thumbnailUrl":"https:\/\/mytransgenderdate.com\/es\/blog\/wp-content\/uploads\/sites\/6\/2024\/11\/featured_image.jpg","datePublished":"2024-12-20T01:00:00+00:00","dateModified":"2024-12-20T15:14:16+00:00","author":{"@id":"https:\/\/mytransgenderdate.com\/es\/blog\/#\/schema\/person\/4a539c6eb4c5ea1eae736bc6f474722e"},"description":"Descubre el trabajo de la pionera Brigitte Baptiste, la ecologista y defensora de los derechos de las personas LGBTQ+ que tiende puentes entre las ciencias ambientales y la justicia social.","breadcrumb":{"@id":"https:\/\/mytransgenderdate.com\/es\/blog\/2024\/12\/brigitte-baptiste-y-el-cuidado-del-medio-ambiente#breadcrumb"},"inLanguage":"es","potentialAction":[{"@type":"ReadAction","target":["https:\/\/mytransgenderdate.com\/es\/blog\/2024\/12\/brigitte-baptiste-y-el-cuidado-del-medio-ambiente"]}]},{"@type":"ImageObject","inLanguage":"es","@id":"https:\/\/mytransgenderdate.com\/es\/blog\/2024\/12\/brigitte-baptiste-y-el-cuidado-del-medio-ambiente#primaryimage","url":"https:\/\/mytransgenderdate.com\/es\/blog\/wp-content\/uploads\/sites\/6\/2024\/11\/featured_image.jpg","contentUrl":"https:\/\/mytransgenderdate.com\/es\/blog\/wp-content\/uploads\/sites\/6\/2024\/11\/featured_image.jpg","width":900,"height":600},{"@type":"BreadcrumbList","@id":"https:\/\/mytransgenderdate.com\/es\/blog\/2024\/12\/brigitte-baptiste-y-el-cuidado-del-medio-ambiente#breadcrumb","itemListElement":[{"@type":"ListItem","position":1,"name":"Home","item":"https:\/\/mytransgenderdate.com\/es\/blog\/"},{"@type":"ListItem","position":2,"name":"Brigitte Baptiste y el cuidado del medio ambiente"}]},{"@type":"WebSite","@id":"https:\/\/mytransgenderdate.com\/es\/blog\/#website","url":"https:\/\/mytransgenderdate.com\/es\/blog\/","name":"My Transgender Blog","description":"El blog m\u00e1s informativo y entretenido sobre asuntos trans","potentialAction":[{"@type":"SearchAction","target":{"@type":"EntryPoint","urlTemplate":"https:\/\/mytransgenderdate.com\/es\/blog\/?s={search_term_string}"},"query-input":{"@type":"PropertyValueSpecification","valueRequired":true,"valueName":"search_term_string"}}],"inLanguage":"es"},{"@type":"Person","@id":"https:\/\/mytransgenderdate.com\/es\/blog\/#\/schema\/person\/4a539c6eb4c5ea1eae736bc6f474722e","name":"Amanda Valentine Dela Cruz","image":{"@type":"ImageObject","inLanguage":"es","@id":"https:\/\/mytransgenderdate.com\/es\/blog\/#\/schema\/person\/image\/","url":"https:\/\/secure.gravatar.com\/avatar\/127737b0600db04b2fa568a8b7c1625a7e6933ae1eb06d928597b09b45e597e2?s=96&d=mm&r=g","contentUrl":"https:\/\/secure.gravatar.com\/avatar\/127737b0600db04b2fa568a8b7c1625a7e6933ae1eb06d928597b09b45e597e2?s=96&d=mm&r=g","caption":"Amanda Valentine Dela Cruz"},"description":"Amanda Valentine is a transgender woman who has written about trans topics for over 10 years for My Transgender Date. She is an author who made it on Amazon\u2019s best-seller list by writing 5 books on trans women\u2019s relationships. Her book \u201cDating Transgender Women for Gentlemen\u201d peaked at #3 in the Transgender Studies category on Amazon. She started writing at the age of 10 and won a poetry contest in 4th grade which convinced her to pursue a career in literature. Her personal experiences as a transgender woman give her a unique perspective on trans topics.","sameAs":["https:\/\/dtwfgbook.abramspublishinghouse.com","https:\/\/www.instagram.com\/amandavdelacruz\/","https:\/\/www.linkedin.com\/in\/amanda-valentine-dela-cruz-82b5641a6\/","https:\/\/x.com\/https:\/\/x.com\/amandavdelacruz"],"url":"https:\/\/mytransgenderdate.com\/es\/blog\/author\/amanda"}]}},"_links":{"self":[{"href":"https:\/\/mytransgenderdate.com\/es\/blog\/wp-json\/wp\/v2\/posts\/699","targetHints":{"allow":["GET"]}}],"collection":[{"href":"https:\/\/mytransgenderdate.com\/es\/blog\/wp-json\/wp\/v2\/posts"}],"about":[{"href":"https:\/\/mytransgenderdate.com\/es\/blog\/wp-json\/wp\/v2\/types\/post"}],"author":[{"embeddable":true,"href":"https:\/\/mytransgenderdate.com\/es\/blog\/wp-json\/wp\/v2\/users\/4"}],"replies":[{"embeddable":true,"href":"https:\/\/mytransgenderdate.com\/es\/blog\/wp-json\/wp\/v2\/comments?post=699"}],"version-history":[{"count":8,"href":"https:\/\/mytransgenderdate.com\/es\/blog\/wp-json\/wp\/v2\/posts\/699\/revisions"}],"predecessor-version":[{"id":774,"href":"https:\/\/mytransgenderdate.com\/es\/blog\/wp-json\/wp\/v2\/posts\/699\/revisions\/774"}],"wp:featuredmedia":[{"embeddable":true,"href":"https:\/\/mytransgenderdate.com\/es\/blog\/wp-json\/wp\/v2\/media\/753"}],"wp:attachment":[{"href":"https:\/\/mytransgenderdate.com\/es\/blog\/wp-json\/wp\/v2\/media?parent=699"}],"wp:term":[{"taxonomy":"category","embeddable":true,"href":"https:\/\/mytransgenderdate.com\/es\/blog\/wp-json\/wp\/v2\/categories?post=699"},{"taxonomy":"post_tag","embeddable":true,"href":"https:\/\/mytransgenderdate.com\/es\/blog\/wp-json\/wp\/v2\/tags?post=699"}],"curies":[{"name":"wp","href":"https:\/\/api.w.org\/{rel}","templated":true}]}}