{"id":1709,"date":"2021-10-11T20:20:58","date_gmt":"2021-10-11T20:20:58","guid":{"rendered":"https:\/\/mytransgenderdate.com\/fr\/blog\/?p=1709"},"modified":"2022-04-12T09:42:38","modified_gmt":"2022-04-12T09:42:38","slug":"la-journee-nationale-du-coming-out","status":"publish","type":"post","link":"https:\/\/mytransgenderdate.com\/fr\/blog\/2021\/10\/la-journee-nationale-du-coming-out","title":{"rendered":"La Journ\u00e9e Nationale du Coming Out"},"content":{"rendered":"\n<p>De nombreuses personnes choisissent de garder leur identit\u00e9 de genre et sexualit\u00e9 secr\u00e8tes pour des raisons de discr\u00e9tion. D&rsquo;autres les d\u00e9voilent par souci de survie. Malheureusement, appartenir \u00e0 <a href=\"https:\/\/mytransgenderdate.com\/fr\/blog\/2020\/10\/quest-ce-que-lgbttqqiaap\">la communaut\u00e9 LGBTQ+<\/a> peut encore s&rsquo;av\u00e9rer fatal en 2021, notamment dans les pays o\u00f9 les relations entre personnes de m\u00eame genre <a href=\"https:\/\/mytransgenderdate.com\/fr\/blog\/2021\/01\/les-droits-des-trans-dans-le-monde\">sont criminalis\u00e9es par la loi<\/a>.<\/p>\n\n\n\n<p>Aujourd&rsquo;hui, vous allez d\u00e9couvrir <strong>l&rsquo;importance du Coming Out Day<\/strong> (journ\u00e9e du coming out) et tout ce qui touche \u00e0 cet \u00e9v\u00e9nement monumental pour les personnes qui ont enfin le courage de faire leur coming-out.<\/p>\n\n\n\n<!--more-->\n\n\n\n<h2 class=\"wp-block-heading\"><strong>Ce qu\u2019est la Journ\u00e9e Nationale du Coming Out<\/strong><\/h2>\n\n\n\n<p>Chaque ann\u00e9e, cette journ\u00e9e est c\u00e9l\u00e9br\u00e9e par les :<\/p>\n\n\n\n<ul class=\"wp-block-list\"><li>Lesbiennes<\/li><li>Gays<\/li><li>Bisexuels<\/li><li>Transgenres<\/li><li>Pansexuels<\/li><li>Individus Queer et plus encore<\/li><\/ul>\n\n\n\n<p>Car ils vivent leur v\u00e9rit\u00e9 et quittent le lieu sombre et sans espoir qu&rsquo;est le placard. Le placard est <strong>une traduction litt\u00e9rale du mot \u00ab\u00a0the closet\u00a0\u00bb<\/strong> utilis\u00e9 comme une m\u00e9taphore pour les personnes qui n&rsquo;ont pas encore fait leur coming out et ne vivent pas ouvertement leur vie en fonction de leur v\u00e9ritable <a href=\"https:\/\/mytransgenderdate.com\/fr\/blog\/2020\/10\/genre-et-sexe-quelles-differences\">genre ou sexualit\u00e9<\/a>.<\/p>\n\n\n\n<p>C&rsquo;est aussi une journ\u00e9e importante au cours de laquelle des informations essentielles sur le coming out et des exp\u00e9riences personnelles sont partag\u00e9es. Elles permettent d&rsquo;<strong>inspirer les personnes qui ont encore peur<\/strong> de ce qui pourrait arriver si elles choisissent de vivre leur vie comme elles le souhaitent.<\/p>\n\n\n\n<h3 class=\"wp-block-heading\"><strong>Origine<\/strong><\/h3>\n\n\n\n<p>Le National Coming Out Day (NCOD) a \u00e9t\u00e9 <strong>inaugur\u00e9e en 1988<\/strong> par <a href=\"https:\/\/youtu.be\/Rw_feIhJgCA\" target=\"_blank\" rel=\"noreferrer noopener\">Robert Eichberg<\/a> et <a href=\"https:\/\/youtu.be\/Rw_feIhJgCA\" target=\"_blank\" rel=\"noreferrer noopener\">Jean O&rsquo;Leary<\/a>. Robert Eichberg \u00e9tait un psychologue du Nouveau-Mexique. Il est \u00e9galement le fondateur de l&rsquo;atelier de d\u00e9veloppement personnel appel\u00e9 \u00ab\u00a0The Experience\u00a0\u00bb. Il est d\u00e9c\u00e9d\u00e9 en 1995 \u00e0 la suite de complications li\u00e9es au SIDA.<\/p>\n\n\n\n<div class=\"wp-block-image\"><figure class=\"aligncenter size-full is-resized\"><img loading=\"lazy\" decoding=\"async\" src=\"https:\/\/mytransgenderdate.com\/fr\/blog\/wp-content\/uploads\/sites\/5\/2021\/10\/Origins-edited.jpg\" alt=\"Femme LGBT\" class=\"wp-image-1715\" width=\"280\" height=\"373\" srcset=\"https:\/\/mytransgenderdate.com\/fr\/blog\/wp-content\/uploads\/sites\/5\/2021\/10\/Origins-edited.jpg 455w, https:\/\/mytransgenderdate.com\/fr\/blog\/wp-content\/uploads\/sites\/5\/2021\/10\/Origins-edited-225x300.jpg 225w\" sizes=\"auto, (max-width: 280px) 100vw, 280px\" \/><\/figure><\/div>\n\n\n\n<p>O&rsquo;Leary, quant \u00e0 elle, \u00e9tait une leader politique ouvertement lesbienne. Elle \u00e9tait \u00e9galement une militante connue et engag\u00e9e pendant longtemps \u00e0 New York. En 1988, elle \u00e9tait \u00e0 la t\u00eate du <em>National Gay Rights Advocates<\/em> \u00e0 Los Angeles, en Californie.<\/p>\n\n\n\n<p>Parce que tous deux et leurs amis militants LGBT pensaient qu&rsquo;il \u00e9tait inutile de r\u00e9pondre de mani\u00e8re d\u00e9fensive aux sentiments anti-LGBT, ils ont choisi de lancer le NCOD \u00e0 la place.<\/p>\n\n\n\n<p>Ils pensaient que c&rsquo;\u00e9tait un meilleur catalyseur pour maintenir la positivit\u00e9 et c\u00e9l\u00e9brer le fait de faire son coming out tout en envoyant un message important au grand public.<\/p>\n\n\n\n<p>Le NCOD est c\u00e9l\u00e9br\u00e9 <strong>tous les 11 octobre<\/strong> car c&rsquo;est aussi l&rsquo;anniversaire de la Marche Nationale de 1987 sur Washington pour les droits des lesbiennes et des gays.<\/p>\n\n\n\n<h3 class=\"wp-block-heading\"><strong>Popularit\u00e9<\/strong><\/h3>\n\n\n\n<p>Le NCOD \u00e9tait \u00e0 l&rsquo;origine administr\u00e9e depuis les bureaux du National Gay Rights Advocates \u00e0 West Hollywood. Le mouvement a cependant rapidement pris de l&rsquo;ampleur avec la participation de dix-huit autres \u00c9tats, ce qui en a fait un sujet br\u00fblant et une couverture nationale.<\/p>\n\n\n\n<p>Dans une d\u00e9claration \u00e0 propos du NCOD, Eichberg dit:<\/p>\n\n\n\n<p class=\"has-background\" style=\"background-color:#dcb6ff\"><em>\u201cLa plupart des gens pensent qu&rsquo;ils ne connaissent pas d&rsquo;homosexuels ou de lesbiennes, alors qu&rsquo;en fait, tout le monde en conna\u00eet. Il est imp\u00e9ratif de sortir du placard et de faire savoir aux gens qui nous sommes et de les \u00e9clairer de leurs craintes et st\u00e9r\u00e9otypes.\u201d<\/em><\/p>\n\n\n\n<div class=\"wp-block-image\"><figure class=\"aligncenter size-full is-resized\"><img loading=\"lazy\" decoding=\"async\" src=\"https:\/\/mytransgenderdate.com\/fr\/blog\/wp-content\/uploads\/sites\/5\/2021\/10\/Popularity-edited.jpg\" alt=\"personnes LGBT\" class=\"wp-image-1717\" width=\"280\" height=\"373\" srcset=\"https:\/\/mytransgenderdate.com\/fr\/blog\/wp-content\/uploads\/sites\/5\/2021\/10\/Popularity-edited.jpg 519w, https:\/\/mytransgenderdate.com\/fr\/blog\/wp-content\/uploads\/sites\/5\/2021\/10\/Popularity-edited-225x300.jpg 225w\" sizes=\"auto, (max-width: 280px) 100vw, 280px\" \/><\/figure><\/div>\n\n\n\n<p>La deuxi\u00e8me ann\u00e9e, le nombre de participants passa \u00e0 21 \u00c9tats et le si\u00e8ge fut transf\u00e9r\u00e9 \u00e0 Santa Fe, au Nouveau-Mexique. Mais l&rsquo;\u00e9v\u00e9nement ne s&rsquo;arr\u00eata pas l\u00e0, puisqu&rsquo;<strong>il devint international apr\u00e8s la campagne m\u00e9diatique de 1990<\/strong>, lorsque sept pays suppl\u00e9mentaires particip\u00e8rent.<\/p>\n\n\n\n<p>Aujourd&rsquo;hui, le NCOD travaille en collaboration avec la campagne des droits de l&rsquo;homme et plus de 20 pays comm\u00e9morent cette journ\u00e9e.<\/p>\n\n\n\n<h2 class=\"wp-block-heading\"><strong>La c\u00e9l\u00e9bration<\/strong><\/h2>\n\n\n\n<p>Il existe <strong>de nombreuses fa\u00e7ons de c\u00e9l\u00e9brer la Journ\u00e9e Nationale du Coming Out<\/strong>. Surtout dans le monde d&rsquo;aujourd&rsquo;hui (2021), o\u00f9 la pand\u00e9mie de COVID-19 impose un nouveau style de vie \u00ab\u00a0normal\u00a0\u00bb. Toutefois, elle \u00e9tait d\u00e9j\u00e0 c\u00e9l\u00e9br\u00e9e de nombreuses mani\u00e8res avant l&rsquo;\u00e9pid\u00e9mie mondiale d\u00e9vastatrice.<\/p>\n\n\n\n<div class=\"wp-block-image\"><figure class=\"aligncenter size-full is-resized\"><img loading=\"lazy\" decoding=\"async\" src=\"https:\/\/mytransgenderdate.com\/fr\/blog\/wp-content\/uploads\/sites\/5\/2021\/10\/How_it_s_Celebrated-edited.jpg\" alt=\"C\u00e9l\u00e9bration du coming out day\" class=\"wp-image-1720\" width=\"280\" height=\"373\" srcset=\"https:\/\/mytransgenderdate.com\/fr\/blog\/wp-content\/uploads\/sites\/5\/2021\/10\/How_it_s_Celebrated-edited.jpg 444w, https:\/\/mytransgenderdate.com\/fr\/blog\/wp-content\/uploads\/sites\/5\/2021\/10\/How_it_s_Celebrated-edited-225x300.jpg 225w\" sizes=\"auto, (max-width: 280px) 100vw, 280px\" \/><\/figure><\/div>\n\n\n\n<p>Au cours des 15 derni\u00e8res ann\u00e9es, <strong>un th\u00e8me a \u00e9t\u00e9 choisi<\/strong> pour chaque Journ\u00e9e Nationale du Coming Out. La <em>Human Rights Campaign<\/em> a choisi le th\u00e8me \u00ab\u00a0Faire son Coming Out reste important\u00a0\u00bb en 2013 et 2014, tandis que le premier th\u00e8me \u00e9tait \u00ab\u00a0Come Out au Congr\u00e8s\u00a0\u00bb en 1999.<\/p>\n\n\n\n<p>Ils choisissent \u00e9galement diff\u00e9rents porte-parole pour chaque NCOD. Parmi les noms populaires, citons <a href=\"https:\/\/www.allocine.fr\/personne\/fichepersonne_gen_cpersonne=105727.html\" target=\"_blank\" rel=\"noreferrer noopener\">Dan Butler<\/a>, un acteur de <a href=\"https:\/\/www.allocine.fr\/series\/ficheserie_gen_cserie=53.html\" target=\"_blank\" rel=\"noreferrer noopener\">la s\u00e9rie t\u00e9l\u00e9vis\u00e9e \u00e0 succ\u00e8s \u00ab\u00a0Frasier\u00a0\u00bb<\/a>, et Candance Gingrich, qui est la demi-s\u0153ur de Newt Gingrich.<\/p>\n\n\n\n<p>Les participants portent g\u00e9n\u00e9ralement des rubans et des pins arc-en-ciel lorsqu&rsquo;ils participent \u00e0 des conf\u00e9rences, des ateliers, des rassemblements et d&rsquo;autres activit\u00e9s, tandis que les \u00e9v\u00e9nements qui ont lieu d\u00e9pendent tous fortement du th\u00e8me annuel de la c\u00e9l\u00e9bration.<\/p>\n\n\n\n<h3 class=\"wp-block-heading\"><strong>Th\u00e8mes des NCOD au fil des ans<\/strong><\/h3>\n\n\n\n<ul class=\"wp-block-list\"><li>1999: Coming Out au Congr\u00e8s<\/li><li>2000: R\u00e9fl\u00e9chissez-y (Qui Choisira les Nouvelles Supr\u00eames ?)<\/li><li>2001: Une Odyss\u00e9e du Coming Out<\/li><li>2002: Se r\u00e9v\u00e9ler, c\u2019est g\u00e9nial&nbsp;!<\/li><li>2003: C&rsquo;est une Affaire de Famille<\/li><li>2004: R\u00e9v\u00e9lez-vous. Exprimez-vous. Votez.<\/li><li>2005\u20132007: Parlons-en<\/li><li>2009: Conversations du C\u0153ur<\/li><li>2010\u20132011: Sortir du Placard pour l&rsquo;\u00c9galit\u00e9<\/li><li>2012: Faites votre Coming Out. Votez.<\/li><li>2013\u20132014: Faire son Coming Out reste important<\/li><\/ul>\n\n\n\n<h3 class=\"wp-block-heading\"><strong>Objectif<\/strong><\/h3>\n\n\n\n<p>Elle est organis\u00e9e chaque ann\u00e9e pour <strong>c\u00e9l\u00e9brer le processus de coming out<\/strong> et pour sensibiliser le public \u00e0 diff\u00e9rents sujets concernant la communaut\u00e9 LGBTQ et le mouvement des droits civiques. Parmi les symboles qui peuvent \u00eatre utilis\u00e9s, outre les rubans et les pins arc-en-ciel, figurent les triangles roses et les drapeaux arc-en-ciel.<\/p>\n\n\n\n<p>[[SIGNUP]]<\/p>\n\n\n\n<h2 class=\"wp-block-heading\"><strong>Critiques<\/strong><\/h2>\n\n\n\n<p>En d\u00e9pit de son succ\u00e8s, la journ\u00e9e a \u00e9galement d\u00fb faire face \u00e0 des r\u00e9actions n\u00e9gatives, en particulier de la part de personnes n&rsquo;appartenant pas \u00e0 la communaut\u00e9 LGBTQIA+.<\/p>\n\n\n\n<p>Bien que le NCOD n&rsquo;ait pas \u00e9t\u00e9 cr\u00e9\u00e9 pour \u00eatre une forme agressive de mouvement, certains groupes et individus ont tout de m\u00eame une perception n\u00e9gative \u00e0 son sujet. Ils affirment que cette \u00ab\u00a0f\u00eate\u00a0\u00bb perp\u00e9tue l&rsquo;homonormativit\u00e9.<\/p>\n\n\n\n<p>N\u00e9anmoins, d&rsquo;autres membres de la communaut\u00e9 LGBTQIA+ voient cette journ\u00e9e sous un angle diff\u00e9rent. L&rsquo;un d&rsquo;eux en particulier est un \u00e9crivain queer nomm\u00e9 <a href=\"https:\/\/twitter.com\/prestonmitchum\" target=\"_blank\" rel=\"noreferrer noopener\">Preston Mitchum<\/a>, qui a \u00e9crit \u00ab\u00a0\u00c0 l\u2019occasion de la Journ\u00e9e Nationale du Coming Out, ne D\u00e9valorisez pas le Placard\u00a0\u00bb, <a href=\"https:\/\/www.theatlantic.com\/national\/archive\/2013\/10\/on-national-coming-out-day-dont-disparage-the-closet\/280469\/\" target=\"_blank\" rel=\"noreferrer noopener\">un article publi\u00e9 dans <em>Atlantic<\/em> en 2013<\/a>.<\/p>\n\n\n\n<div class=\"wp-block-image\"><figure class=\"aligncenter size-full is-resized\"><img loading=\"lazy\" decoding=\"async\" src=\"https:\/\/mytransgenderdate.com\/fr\/blog\/wp-content\/uploads\/sites\/5\/2021\/10\/Criticisms-edited.jpg\" alt=\"Couple LGBT\" class=\"wp-image-1722\" width=\"280\" height=\"373\" srcset=\"https:\/\/mytransgenderdate.com\/fr\/blog\/wp-content\/uploads\/sites\/5\/2021\/10\/Criticisms-edited.jpg 450w, https:\/\/mytransgenderdate.com\/fr\/blog\/wp-content\/uploads\/sites\/5\/2021\/10\/Criticisms-edited-225x300.jpg 225w\" sizes=\"auto, (max-width: 280px) 100vw, 280px\" \/><\/figure><\/div>\n\n\n\n<p>Son article traite des hypoth\u00e8ses que le NCOD formule. Bien qu&rsquo;il applaudisse les personnes qui choisissent de faire leur coming out, il explique que <strong>le coming out n&rsquo;est pas toujours s\u00fbr pour tout le monde<\/strong>, surtout pour les personnes qui vivent dans des communaut\u00e9s marginalis\u00e9es.<\/p>\n\n\n\n<p>Il a \u00e9galement ajout\u00e9 que <strong>le coming out peut entra\u00eener une trop grande visibilit\u00e9<\/strong> pour les personnes qui ont des identit\u00e9s entrecrois\u00e9es. Cela peut les conduire \u00e0 \u00eatre discrimin\u00e9es sur leur lieu de travail, criminalis\u00e9es, exil\u00e9es de leur famille et victimes de violences.<\/p>\n\n\n\n<h2 class=\"wp-block-heading\"><strong>C\u00e9l\u00e9brer le NCOD apr\u00e8s la pand\u00e9mie<\/strong><\/h2>\n\n\n\n<p>La c\u00e9l\u00e9bration de la Journ\u00e9e Nationale du Coming Out peut encore se faire en ligne. De nombreux groupes Facebook LGBTQIA+ pr\u00e9voient de c\u00e9l\u00e9brer cette journ\u00e9e de mani\u00e8re virtuelle. N&rsquo;h\u00e9sitez pas \u00e0 rejoindre ces groupes et \u00e0 participer \u00e0 leurs prochains \u00e9v\u00e9nements.<\/p>\n\n\n\n<figure class=\"wp-block-image size-large\"><img loading=\"lazy\" decoding=\"async\" width=\"1036\" height=\"583\" src=\"https:\/\/mytransgenderdate.com\/fr\/blog\/wp-content\/uploads\/sites\/5\/2021\/10\/Celebrating_NCOD_Post_Pandemic-edited.jpg\" alt=\"couple gay avec un masque\" class=\"wp-image-1724\" srcset=\"https:\/\/mytransgenderdate.com\/fr\/blog\/wp-content\/uploads\/sites\/5\/2021\/10\/Celebrating_NCOD_Post_Pandemic-edited.jpg 1036w, https:\/\/mytransgenderdate.com\/fr\/blog\/wp-content\/uploads\/sites\/5\/2021\/10\/Celebrating_NCOD_Post_Pandemic-edited-300x169.jpg 300w, https:\/\/mytransgenderdate.com\/fr\/blog\/wp-content\/uploads\/sites\/5\/2021\/10\/Celebrating_NCOD_Post_Pandemic-edited-1024x576.jpg 1024w, https:\/\/mytransgenderdate.com\/fr\/blog\/wp-content\/uploads\/sites\/5\/2021\/10\/Celebrating_NCOD_Post_Pandemic-edited-768x432.jpg 768w\" sizes=\"auto, (max-width: 1036px) 100vw, 1036px\" \/><\/figure>\n\n\n\n<p>Vous pouvez \u00e9galement publier des articles et des photos le 11 octobre 2021 sur vos r\u00e9seaux sociaux, par exemple en portant des pins ou des rubans arc-en-ciel et en utilisant les hashtags:<\/p>\n\n\n\n<ul class=\"wp-block-list\"><li>#NationalComingOutDay<\/li><li>#NationalComingOutDay2021<\/li><li>#Journ\u00e9eNationaleDuComingOut&nbsp;<\/li><li>#Journ\u00e9eNationaleDuComingOut2021<\/li><li>#NCOD<\/li><li>#NCOD2021<\/li><\/ul>\n\n\n\n<p>Vous pouvez partager le r\u00e9cit de votre coming-out ou, si vous ne l&rsquo;avez pas encore fait et que vous en avez l&rsquo;intention, profiter du moment pour le faire. C&rsquo;est l&rsquo;occasion id\u00e9ale.<\/p>\n\n\n\n<p>N&rsquo;oubliez jamais que ce qui ressemble \u00e0 des petits pas sont en fait des bonds \u00e9normes pour <strong>cr\u00e9er un espace plus inclusif<\/strong>, s\u00fbr et diversifi\u00e9 pour les prochaines g\u00e9n\u00e9rations.<\/p>\n\n\n\n<p>N&rsquo;oubliez pas de partager ce guide avec les personnes qui comptent le plus pour vous!<\/p>\n","protected":false},"excerpt":{"rendered":"<p>De nombreuses personnes choisissent de garder leur identit\u00e9 de genre et sexualit\u00e9 secr\u00e8tes pour des raisons de discr\u00e9tion. D&rsquo;autres les d\u00e9voilent par souci de survie. Malheureusement, appartenir \u00e0 la communaut\u00e9 LGBTQ+ peut encore s&rsquo;av\u00e9rer fatal en 2021, notamment dans les pays o\u00f9 les relations entre personnes de m\u00eame genre sont criminalis\u00e9es par la loi. Aujourd&rsquo;hui, [&hellip;]<\/p>\n","protected":false},"author":4,"featured_media":1713,"comment_status":"open","ping_status":"open","sticky":false,"template":"","format":"standard","meta":{"footnotes":""},"categories":[16],"tags":[],"class_list":["post-1709","post","type-post","status-publish","format-standard","has-post-thumbnail","hentry","category-journees-et-evenements"],"yoast_head":"<!-- This site is optimized with the Yoast SEO plugin v26.9 - https:\/\/yoast.com\/product\/yoast-seo-wordpress\/ -->\n<title>La Journ\u00e9e Nationale du Coming Out - My Transgender Blog<\/title>\n<meta name=\"description\" content=\"Aujourd&#039;hui, vous allez d\u00e9couvrir l&#039;importance du Coming Out Day (journ\u00e9e du coming out) et tout ce qui touche \u00e0 cet \u00e9v\u00e9nement monumental.\" \/>\n<meta name=\"robots\" content=\"index, follow, max-snippet:-1, max-image-preview:large, max-video-preview:-1\" \/>\n<link rel=\"canonical\" href=\"https:\/\/mytransgenderdate.com\/fr\/blog\/2021\/10\/la-journee-nationale-du-coming-out\" \/>\n<meta property=\"og:locale\" content=\"fr_FR\" \/>\n<meta property=\"og:type\" content=\"article\" \/>\n<meta property=\"og:title\" content=\"La Journ\u00e9e Nationale du Coming Out - My Transgender Blog\" \/>\n<meta property=\"og:description\" content=\"Aujourd&#039;hui, vous allez d\u00e9couvrir l&#039;importance du Coming Out Day (journ\u00e9e du coming out) et tout ce qui touche \u00e0 cet \u00e9v\u00e9nement monumental.\" \/>\n<meta property=\"og:url\" content=\"https:\/\/mytransgenderdate.com\/fr\/blog\/2021\/10\/la-journee-nationale-du-coming-out\" \/>\n<meta property=\"og:site_name\" content=\"My Transgender Blog\" \/>\n<meta property=\"article:publisher\" content=\"https:\/\/www.facebook.com\/myTSdate\" \/>\n<meta property=\"article:published_time\" content=\"2021-10-11T20:20:58+00:00\" \/>\n<meta property=\"article:modified_time\" content=\"2022-04-12T09:42:38+00:00\" \/>\n<meta property=\"og:image\" content=\"https:\/\/mytransgenderdate.com\/fr\/blog\/wp-content\/uploads\/sites\/5\/2021\/10\/Featured_Image.jpg\" \/>\n\t<meta property=\"og:image:width\" content=\"1046\" \/>\n\t<meta property=\"og:image:height\" content=\"686\" \/>\n\t<meta property=\"og:image:type\" content=\"image\/jpeg\" \/>\n<meta name=\"author\" content=\"Amanda Valentine Dela Cruz\" \/>\n<meta name=\"twitter:card\" content=\"summary_large_image\" \/>\n<meta name=\"twitter:creator\" content=\"@https:\/\/x.com\/amandavdelacruz\" \/>\n<meta name=\"twitter:site\" content=\"@MyTranssexual\" \/>\n<meta name=\"twitter:label1\" content=\"\u00c9crit par\" \/>\n\t<meta name=\"twitter:data1\" content=\"Amanda Valentine Dela Cruz\" \/>\n\t<meta name=\"twitter:label2\" content=\"Dur\u00e9e de lecture estim\u00e9e\" \/>\n\t<meta name=\"twitter:data2\" content=\"8 minutes\" \/>\n<script type=\"application\/ld+json\" class=\"yoast-schema-graph\">{\"@context\":\"https:\/\/schema.org\",\"@graph\":[{\"@type\":\"Article\",\"@id\":\"https:\/\/mytransgenderdate.com\/fr\/blog\/2021\/10\/la-journee-nationale-du-coming-out#article\",\"isPartOf\":{\"@id\":\"https:\/\/mytransgenderdate.com\/fr\/blog\/2021\/10\/la-journee-nationale-du-coming-out\"},\"author\":{\"name\":\"Amanda Valentine Dela Cruz\",\"@id\":\"https:\/\/mytransgenderdate.com\/fr\/blog\/#\/schema\/person\/4a539c6eb4c5ea1eae736bc6f474722e\"},\"headline\":\"La Journ\u00e9e Nationale du Coming Out\",\"datePublished\":\"2021-10-11T20:20:58+00:00\",\"dateModified\":\"2022-04-12T09:42:38+00:00\",\"mainEntityOfPage\":{\"@id\":\"https:\/\/mytransgenderdate.com\/fr\/blog\/2021\/10\/la-journee-nationale-du-coming-out\"},\"wordCount\":1368,\"commentCount\":0,\"image\":{\"@id\":\"https:\/\/mytransgenderdate.com\/fr\/blog\/2021\/10\/la-journee-nationale-du-coming-out#primaryimage\"},\"thumbnailUrl\":\"https:\/\/mytransgenderdate.com\/fr\/blog\/wp-content\/uploads\/sites\/5\/2021\/10\/Featured_Image.jpg\",\"articleSection\":[\"Journ\u00e9es et \u00e9v\u00e8nements\"],\"inLanguage\":\"fr-FR\",\"potentialAction\":[{\"@type\":\"CommentAction\",\"name\":\"Comment\",\"target\":[\"https:\/\/mytransgenderdate.com\/fr\/blog\/2021\/10\/la-journee-nationale-du-coming-out#respond\"]}]},{\"@type\":\"WebPage\",\"@id\":\"https:\/\/mytransgenderdate.com\/fr\/blog\/2021\/10\/la-journee-nationale-du-coming-out\",\"url\":\"https:\/\/mytransgenderdate.com\/fr\/blog\/2021\/10\/la-journee-nationale-du-coming-out\",\"name\":\"La Journ\u00e9e Nationale du Coming Out - My Transgender Blog\",\"isPartOf\":{\"@id\":\"https:\/\/mytransgenderdate.com\/fr\/blog\/#website\"},\"primaryImageOfPage\":{\"@id\":\"https:\/\/mytransgenderdate.com\/fr\/blog\/2021\/10\/la-journee-nationale-du-coming-out#primaryimage\"},\"image\":{\"@id\":\"https:\/\/mytransgenderdate.com\/fr\/blog\/2021\/10\/la-journee-nationale-du-coming-out#primaryimage\"},\"thumbnailUrl\":\"https:\/\/mytransgenderdate.com\/fr\/blog\/wp-content\/uploads\/sites\/5\/2021\/10\/Featured_Image.jpg\",\"datePublished\":\"2021-10-11T20:20:58+00:00\",\"dateModified\":\"2022-04-12T09:42:38+00:00\",\"author\":{\"@id\":\"https:\/\/mytransgenderdate.com\/fr\/blog\/#\/schema\/person\/4a539c6eb4c5ea1eae736bc6f474722e\"},\"description\":\"Aujourd'hui, vous allez d\u00e9couvrir l'importance du Coming Out Day (journ\u00e9e du coming out) et tout ce qui touche \u00e0 cet \u00e9v\u00e9nement monumental.\",\"breadcrumb\":{\"@id\":\"https:\/\/mytransgenderdate.com\/fr\/blog\/2021\/10\/la-journee-nationale-du-coming-out#breadcrumb\"},\"inLanguage\":\"fr-FR\",\"potentialAction\":[{\"@type\":\"ReadAction\",\"target\":[\"https:\/\/mytransgenderdate.com\/fr\/blog\/2021\/10\/la-journee-nationale-du-coming-out\"]}]},{\"@type\":\"ImageObject\",\"inLanguage\":\"fr-FR\",\"@id\":\"https:\/\/mytransgenderdate.com\/fr\/blog\/2021\/10\/la-journee-nationale-du-coming-out#primaryimage\",\"url\":\"https:\/\/mytransgenderdate.com\/fr\/blog\/wp-content\/uploads\/sites\/5\/2021\/10\/Featured_Image.jpg\",\"contentUrl\":\"https:\/\/mytransgenderdate.com\/fr\/blog\/wp-content\/uploads\/sites\/5\/2021\/10\/Featured_Image.jpg\",\"width\":1046,\"height\":686},{\"@type\":\"BreadcrumbList\",\"@id\":\"https:\/\/mytransgenderdate.com\/fr\/blog\/2021\/10\/la-journee-nationale-du-coming-out#breadcrumb\",\"itemListElement\":[{\"@type\":\"ListItem\",\"position\":1,\"name\":\"Home\",\"item\":\"https:\/\/mytransgenderdate.com\/fr\/blog\"},{\"@type\":\"ListItem\",\"position\":2,\"name\":\"La Journ\u00e9e Nationale du Coming Out\"}]},{\"@type\":\"WebSite\",\"@id\":\"https:\/\/mytransgenderdate.com\/fr\/blog\/#website\",\"url\":\"https:\/\/mytransgenderdate.com\/fr\/blog\/\",\"name\":\"My Transgender Blog\",\"description\":\"Rencontres de qualit\u00e9 pour femmes transgenres \/ transsexuelles et mecs biens\",\"potentialAction\":[{\"@type\":\"SearchAction\",\"target\":{\"@type\":\"EntryPoint\",\"urlTemplate\":\"https:\/\/mytransgenderdate.com\/fr\/blog\/?s={search_term_string}\"},\"query-input\":{\"@type\":\"PropertyValueSpecification\",\"valueRequired\":true,\"valueName\":\"search_term_string\"}}],\"inLanguage\":\"fr-FR\"},{\"@type\":\"Person\",\"@id\":\"https:\/\/mytransgenderdate.com\/fr\/blog\/#\/schema\/person\/4a539c6eb4c5ea1eae736bc6f474722e\",\"name\":\"Amanda Valentine Dela Cruz\",\"image\":{\"@type\":\"ImageObject\",\"inLanguage\":\"fr-FR\",\"@id\":\"https:\/\/mytransgenderdate.com\/fr\/blog\/#\/schema\/person\/image\/\",\"url\":\"https:\/\/secure.gravatar.com\/avatar\/127737b0600db04b2fa568a8b7c1625a7e6933ae1eb06d928597b09b45e597e2?s=96&d=mm&r=g\",\"contentUrl\":\"https:\/\/secure.gravatar.com\/avatar\/127737b0600db04b2fa568a8b7c1625a7e6933ae1eb06d928597b09b45e597e2?s=96&d=mm&r=g\",\"caption\":\"Amanda Valentine Dela Cruz\"},\"description\":\"Amanda Valentine is a transgender woman who has written about trans topics for over 10 years for My Transgender Date. She is an author who made it on Amazon\u2019s best-seller list by writing 5 books on trans women\u2019s relationships. Her book \u201cDating Transgender Women for Gentlemen\u201d peaked at #3 in the Transgender Studies category on Amazon. She started writing at the age of 10 and won a poetry contest in 4th grade which convinced her to pursue a career in literature. Her personal experiences as a transgender woman give her a unique perspective on trans topics.\",\"sameAs\":[\"https:\/\/dtwfgbook.abramspublishinghouse.com\",\"https:\/\/www.instagram.com\/amandavdelacruz\/\",\"https:\/\/www.linkedin.com\/in\/amanda-valentine-dela-cruz-82b5641a6\/\",\"https:\/\/x.com\/https:\/\/x.com\/amandavdelacruz\"],\"url\":\"https:\/\/mytransgenderdate.com\/fr\/blog\/author\/amanda\"}]}<\/script>\n<!-- \/ Yoast SEO plugin. -->","yoast_head_json":{"title":"La Journ\u00e9e Nationale du Coming Out - My Transgender Blog","description":"Aujourd'hui, vous allez d\u00e9couvrir l'importance du Coming Out Day (journ\u00e9e du coming out) et tout ce qui touche \u00e0 cet \u00e9v\u00e9nement monumental.","robots":{"index":"index","follow":"follow","max-snippet":"max-snippet:-1","max-image-preview":"max-image-preview:large","max-video-preview":"max-video-preview:-1"},"canonical":"https:\/\/mytransgenderdate.com\/fr\/blog\/2021\/10\/la-journee-nationale-du-coming-out","og_locale":"fr_FR","og_type":"article","og_title":"La Journ\u00e9e Nationale du Coming Out - My Transgender Blog","og_description":"Aujourd'hui, vous allez d\u00e9couvrir l'importance du Coming Out Day (journ\u00e9e du coming out) et tout ce qui touche \u00e0 cet \u00e9v\u00e9nement monumental.","og_url":"https:\/\/mytransgenderdate.com\/fr\/blog\/2021\/10\/la-journee-nationale-du-coming-out","og_site_name":"My Transgender Blog","article_publisher":"https:\/\/www.facebook.com\/myTSdate","article_published_time":"2021-10-11T20:20:58+00:00","article_modified_time":"2022-04-12T09:42:38+00:00","og_image":[{"width":1046,"height":686,"url":"https:\/\/mytransgenderdate.com\/fr\/blog\/wp-content\/uploads\/sites\/5\/2021\/10\/Featured_Image.jpg","type":"image\/jpeg"}],"author":"Amanda Valentine Dela Cruz","twitter_card":"summary_large_image","twitter_creator":"@https:\/\/x.com\/amandavdelacruz","twitter_site":"@MyTranssexual","twitter_misc":{"\u00c9crit par":"Amanda Valentine Dela Cruz","Dur\u00e9e de lecture estim\u00e9e":"8 minutes"},"schema":{"@context":"https:\/\/schema.org","@graph":[{"@type":"Article","@id":"https:\/\/mytransgenderdate.com\/fr\/blog\/2021\/10\/la-journee-nationale-du-coming-out#article","isPartOf":{"@id":"https:\/\/mytransgenderdate.com\/fr\/blog\/2021\/10\/la-journee-nationale-du-coming-out"},"author":{"name":"Amanda Valentine Dela Cruz","@id":"https:\/\/mytransgenderdate.com\/fr\/blog\/#\/schema\/person\/4a539c6eb4c5ea1eae736bc6f474722e"},"headline":"La Journ\u00e9e Nationale du Coming Out","datePublished":"2021-10-11T20:20:58+00:00","dateModified":"2022-04-12T09:42:38+00:00","mainEntityOfPage":{"@id":"https:\/\/mytransgenderdate.com\/fr\/blog\/2021\/10\/la-journee-nationale-du-coming-out"},"wordCount":1368,"commentCount":0,"image":{"@id":"https:\/\/mytransgenderdate.com\/fr\/blog\/2021\/10\/la-journee-nationale-du-coming-out#primaryimage"},"thumbnailUrl":"https:\/\/mytransgenderdate.com\/fr\/blog\/wp-content\/uploads\/sites\/5\/2021\/10\/Featured_Image.jpg","articleSection":["Journ\u00e9es et \u00e9v\u00e8nements"],"inLanguage":"fr-FR","potentialAction":[{"@type":"CommentAction","name":"Comment","target":["https:\/\/mytransgenderdate.com\/fr\/blog\/2021\/10\/la-journee-nationale-du-coming-out#respond"]}]},{"@type":"WebPage","@id":"https:\/\/mytransgenderdate.com\/fr\/blog\/2021\/10\/la-journee-nationale-du-coming-out","url":"https:\/\/mytransgenderdate.com\/fr\/blog\/2021\/10\/la-journee-nationale-du-coming-out","name":"La Journ\u00e9e Nationale du Coming Out - My Transgender Blog","isPartOf":{"@id":"https:\/\/mytransgenderdate.com\/fr\/blog\/#website"},"primaryImageOfPage":{"@id":"https:\/\/mytransgenderdate.com\/fr\/blog\/2021\/10\/la-journee-nationale-du-coming-out#primaryimage"},"image":{"@id":"https:\/\/mytransgenderdate.com\/fr\/blog\/2021\/10\/la-journee-nationale-du-coming-out#primaryimage"},"thumbnailUrl":"https:\/\/mytransgenderdate.com\/fr\/blog\/wp-content\/uploads\/sites\/5\/2021\/10\/Featured_Image.jpg","datePublished":"2021-10-11T20:20:58+00:00","dateModified":"2022-04-12T09:42:38+00:00","author":{"@id":"https:\/\/mytransgenderdate.com\/fr\/blog\/#\/schema\/person\/4a539c6eb4c5ea1eae736bc6f474722e"},"description":"Aujourd'hui, vous allez d\u00e9couvrir l'importance du Coming Out Day (journ\u00e9e du coming out) et tout ce qui touche \u00e0 cet \u00e9v\u00e9nement monumental.","breadcrumb":{"@id":"https:\/\/mytransgenderdate.com\/fr\/blog\/2021\/10\/la-journee-nationale-du-coming-out#breadcrumb"},"inLanguage":"fr-FR","potentialAction":[{"@type":"ReadAction","target":["https:\/\/mytransgenderdate.com\/fr\/blog\/2021\/10\/la-journee-nationale-du-coming-out"]}]},{"@type":"ImageObject","inLanguage":"fr-FR","@id":"https:\/\/mytransgenderdate.com\/fr\/blog\/2021\/10\/la-journee-nationale-du-coming-out#primaryimage","url":"https:\/\/mytransgenderdate.com\/fr\/blog\/wp-content\/uploads\/sites\/5\/2021\/10\/Featured_Image.jpg","contentUrl":"https:\/\/mytransgenderdate.com\/fr\/blog\/wp-content\/uploads\/sites\/5\/2021\/10\/Featured_Image.jpg","width":1046,"height":686},{"@type":"BreadcrumbList","@id":"https:\/\/mytransgenderdate.com\/fr\/blog\/2021\/10\/la-journee-nationale-du-coming-out#breadcrumb","itemListElement":[{"@type":"ListItem","position":1,"name":"Home","item":"https:\/\/mytransgenderdate.com\/fr\/blog"},{"@type":"ListItem","position":2,"name":"La Journ\u00e9e Nationale du Coming Out"}]},{"@type":"WebSite","@id":"https:\/\/mytransgenderdate.com\/fr\/blog\/#website","url":"https:\/\/mytransgenderdate.com\/fr\/blog\/","name":"My Transgender Blog","description":"Rencontres de qualit\u00e9 pour femmes transgenres \/ transsexuelles et mecs biens","potentialAction":[{"@type":"SearchAction","target":{"@type":"EntryPoint","urlTemplate":"https:\/\/mytransgenderdate.com\/fr\/blog\/?s={search_term_string}"},"query-input":{"@type":"PropertyValueSpecification","valueRequired":true,"valueName":"search_term_string"}}],"inLanguage":"fr-FR"},{"@type":"Person","@id":"https:\/\/mytransgenderdate.com\/fr\/blog\/#\/schema\/person\/4a539c6eb4c5ea1eae736bc6f474722e","name":"Amanda Valentine Dela Cruz","image":{"@type":"ImageObject","inLanguage":"fr-FR","@id":"https:\/\/mytransgenderdate.com\/fr\/blog\/#\/schema\/person\/image\/","url":"https:\/\/secure.gravatar.com\/avatar\/127737b0600db04b2fa568a8b7c1625a7e6933ae1eb06d928597b09b45e597e2?s=96&d=mm&r=g","contentUrl":"https:\/\/secure.gravatar.com\/avatar\/127737b0600db04b2fa568a8b7c1625a7e6933ae1eb06d928597b09b45e597e2?s=96&d=mm&r=g","caption":"Amanda Valentine Dela Cruz"},"description":"Amanda Valentine is a transgender woman who has written about trans topics for over 10 years for My Transgender Date. She is an author who made it on Amazon\u2019s best-seller list by writing 5 books on trans women\u2019s relationships. Her book \u201cDating Transgender Women for Gentlemen\u201d peaked at #3 in the Transgender Studies category on Amazon. She started writing at the age of 10 and won a poetry contest in 4th grade which convinced her to pursue a career in literature. Her personal experiences as a transgender woman give her a unique perspective on trans topics.","sameAs":["https:\/\/dtwfgbook.abramspublishinghouse.com","https:\/\/www.instagram.com\/amandavdelacruz\/","https:\/\/www.linkedin.com\/in\/amanda-valentine-dela-cruz-82b5641a6\/","https:\/\/x.com\/https:\/\/x.com\/amandavdelacruz"],"url":"https:\/\/mytransgenderdate.com\/fr\/blog\/author\/amanda"}]}},"_links":{"self":[{"href":"https:\/\/mytransgenderdate.com\/fr\/blog\/wp-json\/wp\/v2\/posts\/1709","targetHints":{"allow":["GET"]}}],"collection":[{"href":"https:\/\/mytransgenderdate.com\/fr\/blog\/wp-json\/wp\/v2\/posts"}],"about":[{"href":"https:\/\/mytransgenderdate.com\/fr\/blog\/wp-json\/wp\/v2\/types\/post"}],"author":[{"embeddable":true,"href":"https:\/\/mytransgenderdate.com\/fr\/blog\/wp-json\/wp\/v2\/users\/4"}],"replies":[{"embeddable":true,"href":"https:\/\/mytransgenderdate.com\/fr\/blog\/wp-json\/wp\/v2\/comments?post=1709"}],"version-history":[{"count":10,"href":"https:\/\/mytransgenderdate.com\/fr\/blog\/wp-json\/wp\/v2\/posts\/1709\/revisions"}],"predecessor-version":[{"id":2063,"href":"https:\/\/mytransgenderdate.com\/fr\/blog\/wp-json\/wp\/v2\/posts\/1709\/revisions\/2063"}],"wp:featuredmedia":[{"embeddable":true,"href":"https:\/\/mytransgenderdate.com\/fr\/blog\/wp-json\/wp\/v2\/media\/1713"}],"wp:attachment":[{"href":"https:\/\/mytransgenderdate.com\/fr\/blog\/wp-json\/wp\/v2\/media?parent=1709"}],"wp:term":[{"taxonomy":"category","embeddable":true,"href":"https:\/\/mytransgenderdate.com\/fr\/blog\/wp-json\/wp\/v2\/categories?post=1709"},{"taxonomy":"post_tag","embeddable":true,"href":"https:\/\/mytransgenderdate.com\/fr\/blog\/wp-json\/wp\/v2\/tags?post=1709"}],"curies":[{"name":"wp","href":"https:\/\/api.w.org\/{rel}","templated":true}]}}