{"id":2585,"date":"2022-11-04T01:00:00","date_gmt":"2022-11-04T01:00:00","guid":{"rendered":"https:\/\/mytransgenderdate.com\/fr\/blog\/?p=2585"},"modified":"2026-03-18T22:53:04","modified_gmt":"2026-03-18T22:53:04","slug":"la-journee-des-parents-trans","status":"publish","type":"post","link":"https:\/\/mytransgenderdate.com\/fr\/blog\/2022\/11\/la-journee-des-parents-trans","title":{"rendered":"La Journ\u00e9e des Parents Trans"},"content":{"rendered":"\n<p>Il y a tellement de raisons d&rsquo;\u00eatre fier en tant que personne transgenre. Et l&rsquo;une d&rsquo;entre elles est la fiert\u00e9 d&rsquo;\u00eatre un parent transgenre. Aujourd&rsquo;hui, nous allons aborder <strong>la signification, l&rsquo;histoire et les principes fondamentaux<\/strong> de la Journ\u00e9e des Parents Trans.<\/p>\n\n\n\n<p>Il n&rsquo;est pas n\u00e9cessaire d&rsquo;avoir des enfants pour c\u00e9l\u00e9brer cette journ\u00e9e, car vous pouvez rendre hommage \u00e0 l&rsquo;amour d\u00e9sint\u00e9ress\u00e9 que les parents transgenres portent \u00e0 leurs enfants. Continuez \u00e0 lire si vous voulez savoir comment y participer.<\/p>\n\n\n\n<h2 class=\"wp-block-heading\">Qu&rsquo;est-ce que la Journ\u00e9e des Parents Transgenres ?<\/h2>\n\n\n\n<p>\u00c9galement connue sous le nom de Journ\u00e9e des Parents Trans, il s&rsquo;agit d&rsquo;une c\u00e9l\u00e9bration et d&rsquo;un hommage aux parents qui sont des personnes transgenres. Elle est <strong>similaire \u00e0 la f\u00eate des m\u00e8res et \u00e0 la f\u00eate des p\u00e8res<\/strong> mais elle a \u00e9t\u00e9 cr\u00e9\u00e9e sp\u00e9cifiquement pour englober les relations familiales des personnes transgenres.<\/p>\n\n\n\n<p>De plus, cette journ\u00e9e ne c\u00e9l\u00e8bre pas seulement les parents transgenres. Elle c\u00e9l\u00e8bre \u00e9galement les personnes non trans qui ont des enfants transgenres.<\/p>\n\n\n\n<h3 class=\"wp-block-heading\">O\u00f9 est-elle c\u00e9l\u00e9br\u00e9e ?<\/h3>\n\n\n\n<p>Cette journ\u00e9e n&rsquo;est <strong>pas encore largement c\u00e9l\u00e9br\u00e9e<\/strong>. Il n&rsquo;y a pas de grands \u00e9v\u00e9nements connus \u00e0 son sujet. Toutefois, elle gagne lentement mais s\u00fbrement en popularit\u00e9 gr\u00e2ce aux informations anecdotiques disponibles sur Google.<\/p>\n\n\n\n<p>Certaines personnes ont d\u00e9clar\u00e9 qu&rsquo;elles le f\u00eataient en offrant des cadeaux \u00e0 leur parent transgenre ou \u00e0 leur soignant.<\/p>\n\n\n\n<h3 class=\"wp-block-heading\">Quand est-elle c\u00e9l\u00e9br\u00e9e ?<\/h3>\n\n\n\n<p>La Journ\u00e9e des parents transgenres est c\u00e9l\u00e9br\u00e9e chaque ann\u00e9e <strong>le premier dimanche du mois de novembre<\/strong>.&nbsp;<\/p>\n\n\n\n<h2 class=\"wp-block-heading\">Histoire&nbsp;<\/h2>\n\n\n\n<p>Selon <a href=\"https:\/\/web.archive.org\/web\/20230125031613\/https:\/\/www.wespeakgay.com\/sateenkaariviestinnnkalenteri\/trans-parent-day\" target=\"_blank\" rel=\"noreferrer noopener\">WeSpeakGay<\/a>, cette journ\u00e9e a \u00e9t\u00e9 instaur\u00e9e en 2009. Cependant, Taimi.com dit le contraire puisque, d&rsquo;apr\u00e8s leur rapport, elle a \u00e9t\u00e9 institu\u00e9e pour la premi\u00e8re fois en 2021.<\/p>\n\n\n\n<figure class=\"wp-block-image size-full\"><img loading=\"lazy\" decoding=\"async\" width=\"967\" height=\"544\" src=\"https:\/\/mytransgenderdate.com\/fr\/blog\/wp-content\/uploads\/sites\/5\/2022\/11\/History-edited.jpg\" alt=\"deux mains qui se tiennent\" class=\"wp-image-2587\" srcset=\"https:\/\/mytransgenderdate.com\/fr\/blog\/wp-content\/uploads\/sites\/5\/2022\/11\/History-edited.jpg 967w, https:\/\/mytransgenderdate.com\/fr\/blog\/wp-content\/uploads\/sites\/5\/2022\/11\/History-edited-300x169.jpg 300w, https:\/\/mytransgenderdate.com\/fr\/blog\/wp-content\/uploads\/sites\/5\/2022\/11\/History-edited-768x432.jpg 768w\" sizes=\"auto, (max-width: 967px) 100vw, 967px\" \/><\/figure>\n\n\n\n<p>Bien qu&rsquo;il n&rsquo;y ait pas encore beaucoup d&rsquo;informations disponibles en ligne, nous mettrons \u00c0 jour cet article au fur et \u00e0 mesure de l&rsquo;\u00e9volution de la Journ\u00e9e des Parents Transgenres.<\/p>\n\n\n\n<h2 class=\"wp-block-heading\">Les D\u00e9fis des Parents Trans<\/h2>\n\n\n\n<p>On dit qu&rsquo;il est difficile d&rsquo;\u00eatre parent, mais cela l&rsquo;est encore plus dans ce cas. \u00catre un parent non conventionnel n&rsquo;est pas une promenade de sant\u00e9. <strong>La discrimination et les pr\u00e9jug\u00e9s<\/strong> font partie du lot.<\/p>\n\n\n<div class=\"wp-block-image\">\n<figure class=\"aligncenter size-full is-resized\"><img loading=\"lazy\" decoding=\"async\" width=\"431\" height=\"575\" src=\"https:\/\/mytransgenderdate.com\/fr\/blog\/wp-content\/uploads\/sites\/5\/2022\/11\/Challenges_of_Transgender_Parents-edited.jpg\" alt=\"Un couple avec un enfant\" class=\"wp-image-2589\" style=\"width:280px;height:375px\" srcset=\"https:\/\/mytransgenderdate.com\/fr\/blog\/wp-content\/uploads\/sites\/5\/2022\/11\/Challenges_of_Transgender_Parents-edited.jpg 431w, https:\/\/mytransgenderdate.com\/fr\/blog\/wp-content\/uploads\/sites\/5\/2022\/11\/Challenges_of_Transgender_Parents-edited-225x300.jpg 225w\" sizes=\"auto, (max-width: 431px) 100vw, 431px\" \/><\/figure>\n<\/div>\n\n\n<p>Nous allons ici aborder <strong>les d\u00e9fis communs<\/strong> auxquels les parents transgenres sont confront\u00e9s. Cela vous donnera une meilleure id\u00e9e de la raison pour laquelle il est vital de leur t\u00e9moigner notre respect, m\u00eame si ce n&rsquo;est qu&rsquo;une fois par an.<\/p>\n\n\n\n<h3 class=\"wp-block-heading\">Le pr\u00e9jug\u00e9 des autres sur la fa\u00e7on dont les parents transgenres encouragent une mauvaise \u00e9ducation<\/h3>\n\n\n\n<p>C&rsquo;est la chose la plus courante que font les mauvaises langues. Ils jugent les parents transgenres uniquement en fonction de leur identit\u00e9 de genre. La plupart d&rsquo;entre eux pensent souvent que parce que ces parents m\u00e8nent <strong>un style de vie alternatif<\/strong>, cela va fortement influencer l&rsquo;enfant et le pousser \u00e0 devenir trans, m\u00eame s&rsquo;il ne l&rsquo;est pas.<\/p>\n\n\n\n<p>Le pire, c&rsquo;est qu&rsquo;ils le disent haut et fort. Non seulement ils y pensent, mais ils en discutent aussi avec leurs amis et en parlent sur les r\u00e9seaux sociaux. \u00catre transgenre n&rsquo;est pas d\u00fb \u00e0 <strong>des facteurs externes<\/strong>, c&rsquo;est un fait qu&rsquo;ils ne parviennent pas \u00e0 accepter.<\/p>\n\n\n\n<h3 class=\"wp-block-heading\">Certains camarades harc\u00e8lent leurs enfants<\/h3>\n\n\n\n<p>\u00c0 l&rsquo;\u00e9cole, dans la cour de r\u00e9cr\u00e9ation ou n&rsquo;importe o\u00f9 ailleurs, les enfants de parents <a href=\"https:\/\/mytransgenderdate.com\/fr\/blog\/2020\/08\/pourquoi-la-transphobie-ne-devrait-pas-exister\" target=\"_blank\" rel=\"noreferrer noopener\">transphobes<\/a> intimident le plus souvent l&rsquo;enfant ou les enfants des parents transgenres. Bien que <strong>les attaques blessantes<\/strong> soient dirig\u00e9es contre les parents trans, ce sont ces derniers qui en souffrent le plus.<\/p>\n\n\n\n<h3 class=\"wp-block-heading\">Le sacrifice de la sant\u00e9 physique et mentale d&rsquo;un homme transgenre<\/h3>\n\n\n\n<p>Lorsqu&rsquo;<a href=\"https:\/\/mytransgenderdate.com\/fr\/blog\/2021\/02\/une-personne-transgenre-peut-elle-tomber-enceinte\">un homme trans tombe enceinte<\/a> (ceux qui suivent <a href=\"https:\/\/mytransgenderdate.com\/fr\/blog\/2020\/07\/quest-ce-que-le-traitement-hormonal-substitutif-transgenre\">un THS<\/a>), il arr\u00eate temporairement de prendre des m\u00e9dicaments de substitution hormonale. Ce n&rsquo;est pas quelque chose de facile \u00e0 faire, surtout pour une personne qui a <a href=\"https:\/\/mytransgenderdate.com\/fr\/blog\/2020\/06\/le-guide-de-la-dysphorie-de-genre\">un niveau de dysphorie de genre<\/a> \u00e9lev\u00e9.<\/p>\n\n\n\n<p>Cela peut s&rsquo;av\u00e9rer <strong>tr\u00e8s difficile<\/strong> car ces personnes ne s&rsquo;arr\u00eatent pas seulement au moment o\u00f9 elles veulent \u00eatre enceintes. Il peut s&rsquo;\u00e9couler plusieurs mois avant qu&rsquo;elles n&rsquo;ovulent \u00e0 nouveau, ce qui signifie qu&rsquo;elles doivent endurer les manifestations des caract\u00e9ristiques sexuelles secondaires qu&rsquo;elles ne veulent pas conserver.<\/p>\n\n\n\n<p>En outre, certaines d&rsquo;entre elles choisissent d&rsquo;allaiter, ce qui signifie qu&rsquo;elles doivent vivre plus longtemps avec un corps qui ne leur correspond pas, afin d&rsquo;allaiter l&rsquo;enfant.<\/p>\n\n\n\n<h3 class=\"wp-block-heading\">Manque de lait maternel chez une m\u00e8re transgenre<\/h3>\n\n\n\n<p>Qu&rsquo;il s&rsquo;agisse de l&rsquo;enfant biologique ou adopt\u00e9 d&rsquo;une femme trans, si elle s&rsquo;occupe du b\u00e9b\u00e9 d\u00e8s la petite enfance, cela signifie qu&rsquo;elle doit l&rsquo;allaiter. Je ne veux pas dire que le lait maternis\u00e9 ne fonctionne pas, mais c&rsquo;est un fait scientifique connu que le lait maternel fournit la meilleure alimentation.<\/p>\n\n\n\n<p>Et la plupart des parents choisissent cette solution pour s&rsquo;assurer que le syst\u00e8me immunitaire de leur enfant se d\u00e9veloppe bien. C&rsquo;est pourquoi de nombreuses femmes transgenres cherchent r\u00e9guli\u00e8rement \u00e0 obtenir <strong>des dons de lait maternel<\/strong> aupr\u00e8s de leurs amies ou d&rsquo;organisations.<\/p>\n\n\n\n<h3 class=\"wp-block-heading\">Leurs genres n&rsquo;est pas reconnu socialement et l\u00e9galement<\/h3>\n\n\n\n<p>Dans certains pays, il n&rsquo;est pas l\u00e9gal de changer de marqueur de genre. Et dans la plupart de ces pays, beaucoup de gens auront tendance \u00e0 discr\u00e9diter la paternit\u00e9 ou la maternit\u00e9 des parents transgenres.<\/p>\n\n\n\n<p>Par exemple, les femmes transgenres ne seront pas autoris\u00e9es \u00e0 rejoindre le cercle des m\u00e8res de leur \u00e9cole parce que, biologiquement, \u00ab\u00a0elles ne sont pas des femmes\u00a0\u00bb. <strong>Cet acte discriminatoire<\/strong> peut \u00eatre transmis \u00e0 la logique de l&rsquo;enfant, ce qui lui fera discr\u00e9diter la maternit\u00e9 de sa propre m\u00e8re.<\/p>\n\n\n\n<p>Bien plus de d\u00e9fis sont encore \u00e0 relever, toutefois nous vous avons \u00e9num\u00e9r\u00e9 les plus courants.<\/p>\n\n\n\n<p>[[SIGNUP]]<\/p>\n\n\n\n<h2 class=\"wp-block-heading\">D\u00e9couvrez ces Parents Transgenres<\/h2>\n\n\n\n<p>Nous inclurons ci-dessous uniquement les parents qui sont ouvertement transgenres. De plus, nous n&rsquo;inclurons que les c\u00e9l\u00e9brit\u00e9s ou les parents trans qui ont fait parler d&rsquo;eux dans les m\u00e9dias grand public.<\/p>\n\n\n\n<h3 class=\"wp-block-heading\">Caitlyn Jenner<\/h3>\n\n\n\n<p>Si elle n&rsquo;est pas la plus connue, elle est sans doute l&rsquo;un des parents transgenres les plus populaires au monde. Elle a particip\u00e9 \u00e0 de nombreux Jeux olympiques et elle est surtout connue pour sa participation \u00e0 la plus grande \u00e9mission de t\u00e9l\u00e9-r\u00e9alit\u00e9 de l\u2019histoire : <em>Keeping up with the Kardashians.<\/em><\/p>\n\n\n<div class=\"wp-block-image\">\n<figure class=\"aligncenter size-full\"><img loading=\"lazy\" decoding=\"async\" width=\"900\" height=\"506\" src=\"https:\/\/mytransgenderdate.com\/fr\/blog\/wp-content\/uploads\/sites\/5\/2022\/11\/Caitlyn_Jenner-edited.jpg\" alt=\"Caitlyn Jenner\" class=\"wp-image-2591\" srcset=\"https:\/\/mytransgenderdate.com\/fr\/blog\/wp-content\/uploads\/sites\/5\/2022\/11\/Caitlyn_Jenner-edited.jpg 900w, https:\/\/mytransgenderdate.com\/fr\/blog\/wp-content\/uploads\/sites\/5\/2022\/11\/Caitlyn_Jenner-edited-300x169.jpg 300w, https:\/\/mytransgenderdate.com\/fr\/blog\/wp-content\/uploads\/sites\/5\/2022\/11\/Caitlyn_Jenner-edited-768x432.jpg 768w\" sizes=\"auto, (max-width: 900px) 100vw, 900px\" \/><figcaption class=\"wp-element-caption\"><em>Facebook &#8211; <a href=\"https:\/\/www.facebook.com\/CaitlynJenner\/photos\/pb.100044232859226.-2207520000.\/1476021022697746\/?type=3\" target=\"_blank\" rel=\"noreferrer noopener\">@CaitlynJenner<\/a><\/em><\/figcaption><\/figure>\n<\/div>\n\n\n<p>Caitlyn a 6 enfants et certains d&rsquo;entre eux sont r\u00e9put\u00e9s dans l&rsquo;industrie du divertissement :<\/p>\n\n\n\n<ul class=\"wp-block-list\">\n<li>Kendall Jenner ;<\/li>\n\n\n\n<li>Kylie Jenner ;<\/li>\n\n\n\n<li>Brody Jenner ;<\/li>\n\n\n\n<li>Brandon Jenner ;<\/li>\n\n\n\n<li>Cassandra Marino ;<\/li>\n\n\n\n<li>Burt Jenner.<\/li>\n<\/ul>\n\n\n\n<ul class=\"wp-block-list\">\n<li><a href=\"https:\/\/www.facebook.com\/CaitlynJenner\" target=\"_blank\" rel=\"noreferrer noopener\">Caitlyn Jenner sur Facebook<\/a><\/li>\n\n\n\n<li><a href=\"https:\/\/www.instagram.com\/caitlynjenner\/\" target=\"_blank\" rel=\"noreferrer noopener\">Caitlyn Jenner sur Instagram<\/a><\/li>\n\n\n\n<li><a href=\"https:\/\/twitter.com\/Caitlyn_Jenner\" target=\"_blank\" rel=\"noreferrer noopener\">Caitlyn Jenner sur Twitter<\/a><\/li>\n\n\n\n<li><a href=\"https:\/\/www.youtube.com\/channel\/UCCxRN4cDITjYX4iiGxDrIAA\" target=\"_blank\" rel=\"noreferrer noopener\">Caitlyn Jenner sur Youtube<\/a><\/li>\n\n\n\n<li><a href=\"https:\/\/www.imdb.com\/name\/nm0421063\/\" target=\"_blank\" rel=\"noreferrer noopener\">Caitlyn Jenner sur IMDb<\/a><\/li>\n<\/ul>\n\n\n\n<h3 class=\"wp-block-heading\">Thomas Beatie<\/h3>\n\n\n\n<p>Beatie est surtout connu sous le surnom d\u2019<em>homme enceint<\/em>. Il a montr\u00e9 la voie \u00e0 de nombreux trans masculins qui choisissent de porter leur propre enfant.<\/p>\n\n\n<div class=\"wp-block-image\">\n<figure class=\"aligncenter size-large\"><img loading=\"lazy\" decoding=\"async\" width=\"1067\" height=\"600\" src=\"https:\/\/mytransgenderdate.com\/fr\/blog\/wp-content\/uploads\/sites\/5\/2022\/11\/Thomas_Beatie-edited.jpg\" alt=\"Thomas Beatie\" class=\"wp-image-2593\" srcset=\"https:\/\/mytransgenderdate.com\/fr\/blog\/wp-content\/uploads\/sites\/5\/2022\/11\/Thomas_Beatie-edited.jpg 1067w, https:\/\/mytransgenderdate.com\/fr\/blog\/wp-content\/uploads\/sites\/5\/2022\/11\/Thomas_Beatie-edited-300x169.jpg 300w, https:\/\/mytransgenderdate.com\/fr\/blog\/wp-content\/uploads\/sites\/5\/2022\/11\/Thomas_Beatie-edited-1024x576.jpg 1024w, https:\/\/mytransgenderdate.com\/fr\/blog\/wp-content\/uploads\/sites\/5\/2022\/11\/Thomas_Beatie-edited-768x432.jpg 768w\" sizes=\"auto, (max-width: 1067px) 100vw, 1067px\" \/><figcaption class=\"wp-element-caption\"><em>Instagram &#8211; <a href=\"https:\/\/www.instagram.com\/p\/BpE42XRDBlK\/\" target=\"_blank\" rel=\"noreferrer noopener\">@thomassecretstory10<\/a><\/em><\/figcaption><\/figure>\n<\/div>\n\n\n<p>Il est non seulement connu pour cela, mais il est \u00e9galement un d\u00e9fenseur des int\u00e9r\u00eats des personnes trans, principalement en ce qui concerne<strong> leur fertilit\u00e9 et leurs droits reproductifs<\/strong>.<\/p>\n\n\n\n<ul class=\"wp-block-list\">\n<li><a href=\"https:\/\/www.facebook.com\/officialthomasbeatie\/\" target=\"_blank\" rel=\"noreferrer noopener\">Thomas Beatie sur Facebook<\/a><\/li>\n\n\n\n<li><a href=\"https:\/\/www.instagram.com\/thomassecretstory10\/\" target=\"_blank\" rel=\"noreferrer noopener\">Thomas Beatie sur Instagram<\/a><\/li>\n\n\n\n<li><a href=\"https:\/\/mobile.twitter.com\/thomas_ss10\" target=\"_blank\" rel=\"noreferrer noopener\">Thomas Beatie sur Twitter<\/a><\/li>\n<\/ul>\n\n\n\n<h3 class=\"wp-block-heading\">Tessa Ganserer<\/h3>\n\n\n\n<p>Tessa est <a href=\"https:\/\/mytransgenderdate.com\/fr\/blog\/2022\/04\/les-politiciens-transgenres-que-vous-devez-connaitre\">une femme politique trans<\/a> qui a \u00e9t\u00e9 membre du Landtag de Bavi\u00e8re. Elle est originaire d&rsquo;Allemagne et a deux enfants.<\/p>\n\n\n<div class=\"wp-block-image\">\n<figure class=\"aligncenter size-full is-resized\"><img loading=\"lazy\" decoding=\"async\" width=\"900\" height=\"506\" src=\"https:\/\/mytransgenderdate.com\/fr\/blog\/wp-content\/uploads\/sites\/5\/2022\/11\/Tessa_Ganserer-edited.jpg\" alt=\"Tessa Ganserer\" class=\"wp-image-2595\" style=\"width:840px;height:472px\" srcset=\"https:\/\/mytransgenderdate.com\/fr\/blog\/wp-content\/uploads\/sites\/5\/2022\/11\/Tessa_Ganserer-edited.jpg 900w, https:\/\/mytransgenderdate.com\/fr\/blog\/wp-content\/uploads\/sites\/5\/2022\/11\/Tessa_Ganserer-edited-300x169.jpg 300w, https:\/\/mytransgenderdate.com\/fr\/blog\/wp-content\/uploads\/sites\/5\/2022\/11\/Tessa_Ganserer-edited-768x432.jpg 768w\" sizes=\"auto, (max-width: 900px) 100vw, 900px\" \/><figcaption class=\"wp-element-caption\"><em>Instagram &#8211; <a href=\"https:\/\/www.instagram.com\/p\/CiISbCzs9Wm\/\" target=\"_blank\" rel=\"noreferrer noopener\">@tessa_ganserer<\/a><\/em><\/figcaption><\/figure>\n<\/div>\n\n\n<p>Elle d\u00e9fend :<\/p>\n\n\n\n<ul class=\"wp-block-list\">\n<li>La pr\u00e9servation de l\u2019environnement ;<\/li>\n\n\n\n<li>La conservation de la nature ;<\/li>\n\n\n\n<li>La s\u00e9curit\u00e9 en ce qui concerne l\u2019\u00e9nergie nucl\u00e9aire ;<\/li>\n\n\n\n<li>Le d\u00e9veloppement durable et la protection des consommateurs.<\/li>\n<\/ul>\n\n\n\n<ul class=\"wp-block-list\">\n<li><a href=\"https:\/\/www.instagram.com\/tessa_ganserer\/\" target=\"_blank\" rel=\"noreferrer noopener\">Tessa Ganserer sur Instagram<\/a><\/li>\n\n\n\n<li><a href=\"https:\/\/twitter.com\/GansGruen\" target=\"_blank\" rel=\"noreferrer noopener\">Tessa Ganserer sur Twitter<\/a><\/li>\n\n\n\n<li><a href=\"https:\/\/www.youtube.com\/channel\/UCtdMsq2LUa2HEH6-M_ooAyw\" target=\"_blank\" rel=\"noreferrer noopener\">Tessa Ganserer sur Youtube<\/a><\/li>\n<\/ul>\n\n\n\n<h3 class=\"wp-block-heading\">Elon Musk (Bonus)<\/h3>\n\n\n\n<p>Bien que n&rsquo;\u00e9tant pas lui-m\u00eame une personne transgenre, il peut c\u00e9l\u00e9brer la Journ\u00e9e des parents transgenres car il a un enfant transgenre.<\/p>\n\n\n<div class=\"wp-block-image\">\n<figure class=\"aligncenter size-full is-resized\"><img decoding=\"async\" src=\"https:\/\/mytransgenderdate.com\/blog\/wp-content\/uploads\/sites\/4\/2022\/11\/Vivian_Jenna_Wilson-edited.jpg\" alt=\"Elon Musk\" class=\"wp-image-6285\" style=\"width:840px;height:472px\"\/><figcaption class=\"wp-element-caption\"><em>Instagram &#8211; <a href=\"https:\/\/www.instagram.com\/p\/CSWzVdzDTfG\/\" target=\"_blank\" rel=\"noreferrer noopener\">@elonmusk<\/a><\/em><\/figcaption><\/figure>\n<\/div>\n\n\n<p>L&rsquo;enfant qu&rsquo;il a eu avec son ex-femme Justine Wilson, assign\u00e9 m\u00e2le \u00e0 la naissance (<a href=\"https:\/\/mytransgenderdate.com\/fr\/blog\/2022\/06\/afab-et-amab-une-breve-etude-de-genre\">AMAB<\/a>) et portant le nom Xavier Alexander Musk, a r\u00e9cemment annonc\u00e9 qu&rsquo;elle voulait changer l\u00e9galement son nom pour celui de Vivian Jenna Wilson.<\/p>\n\n\n\n<ul class=\"wp-block-list\">\n<li><a href=\"https:\/\/twitter.com\/elonmusk\" target=\"_blank\" rel=\"noreferrer noopener\">Elon Musk on Twitter<\/a><\/li>\n<\/ul>\n\n\n\n<h2 class=\"wp-block-heading\">Comment c\u00e9l\u00e9brer la Journ\u00e9e des Parents Transgenres<\/h2>\n\n\n\n<p>Pour l&rsquo;instant, peu d&rsquo;entreprises et d&rsquo;organisations font la promotion de cette journ\u00e9e. Mais il existe plusieurs fa\u00e7ons de la c\u00e9l\u00e9brer.<\/p>\n\n\n\n<p>M\u00eame si vous n&rsquo;avez pas de parent ou d&rsquo;enfant transgenre, vous pouvez simplement rendre hommage \u00e0 <strong>vos amis parents trans<\/strong> ou aux parents trans en g\u00e9n\u00e9ral, en faisant ce qui suit :<\/p>\n\n\n\n<ul class=\"wp-block-list\">\n<li>Publier un message et des v\u0153ux inspirants et utiliser le hashtag #TransgenderParentDay le premier dimanche de novembre<\/li>\n\n\n\n<li>Partager la photo du parent trans que vous connaissez et raconter son histoire. N&rsquo;oubliez pas d&rsquo;inclure le hashtag #TransgenderParentDay<\/li>\n\n\n\n<li>Offrir des cadeaux aux parents trans que vous connaissez<\/li>\n\n\n\n<li>Envoyer aux parents trans que vous connaissez des cartes de v\u0153ux ou des cartes \u00e9lectroniques pour leur faire savoir qu&rsquo;ils sont sp\u00e9ciaux<\/li>\n\n\n\n<li>Organiser une mini r\u00e9union avec de la nourriture et des cadeaux, un peu comme la fa\u00e7on dont vous f\u00eateriez la f\u00eate des m\u00e8res ou la f\u00eate des p\u00e8res, pour surprendre le ou les parents trans que vous connaissez<\/li>\n\n\n\n<li>Faire quelque chose de gentil pour eux. Si l&rsquo;un de vos deux parents est transgenre, pr\u00e9parez leur petit-d\u00e9jeuner et faites-leur savoir que vous les aimez et que vous appr\u00e9ciez tous les efforts qu&rsquo;ils ont faits pour vous \u00e9lever&#8230;<\/li>\n<\/ul>\n\n\n\n<p>Connaissez-vous quelqu&rsquo;un qui a des parents trans ou avez-vous des amis parents trans ? N&rsquo;oubliez pas de <strong>partager ce message avec eux<\/strong>. Aidez \u00e0 faire passer le mot pour que nous puissions tous briser la stigmatisation !<\/p>\n\n\n\n<p>Bonne journ\u00e9e des parents transgenres \u00e0 tous les parents transgenres et aux parents d&rsquo;enfants transgenres ! Continuez \u00e0 faire ce que vous faites et nous vous souhaitons que tout ce que vous d\u00e9sirez puisse \u00eatre r\u00e9alis\u00e9 !<\/p>\n","protected":false},"excerpt":{"rendered":"<p>Il y a tellement de raisons d&rsquo;\u00eatre fier en tant que personne transgenre. Et l&rsquo;une d&rsquo;entre elles est la fiert\u00e9 d&rsquo;\u00eatre un parent transgenre. Aujourd&rsquo;hui, nous allons aborder la signification, l&rsquo;histoire et les principes fondamentaux de la Journ\u00e9e des Parents Trans. Il n&rsquo;est pas n\u00e9cessaire d&rsquo;avoir des enfants pour c\u00e9l\u00e9brer cette journ\u00e9e, car vous pouvez [&hellip;]<\/p>\n","protected":false},"author":4,"featured_media":2610,"comment_status":"open","ping_status":"open","sticky":false,"template":"","format":"standard","meta":{"footnotes":""},"categories":[3],"tags":[12],"class_list":["post-2585","post","type-post","status-publish","format-standard","has-post-thumbnail","hentry","category-infos-transsexuelles","tag-featured"],"yoast_head":"<!-- This site is optimized with the Yoast SEO plugin v26.9 - https:\/\/yoast.com\/product\/yoast-seo-wordpress\/ -->\n<title>La Journ\u00e9e des Parents Trans - My Transgender Blog<\/title>\n<meta name=\"robots\" content=\"index, follow, max-snippet:-1, max-image-preview:large, max-video-preview:-1\" \/>\n<link rel=\"canonical\" href=\"https:\/\/mytransgenderdate.com\/fr\/blog\/2022\/11\/la-journee-des-parents-trans\" \/>\n<meta property=\"og:locale\" content=\"fr_FR\" \/>\n<meta property=\"og:type\" content=\"article\" \/>\n<meta property=\"og:title\" content=\"La Journ\u00e9e des Parents Trans - My Transgender Blog\" \/>\n<meta property=\"og:description\" content=\"Il y a tellement de raisons d&rsquo;\u00eatre fier en tant que personne transgenre. Et l&rsquo;une d&rsquo;entre elles est la fiert\u00e9 d&rsquo;\u00eatre un parent transgenre. Aujourd&rsquo;hui, nous allons aborder la signification, l&rsquo;histoire et les principes fondamentaux de la Journ\u00e9e des Parents Trans. Il n&rsquo;est pas n\u00e9cessaire d&rsquo;avoir des enfants pour c\u00e9l\u00e9brer cette journ\u00e9e, car vous pouvez [&hellip;]\" \/>\n<meta property=\"og:url\" content=\"https:\/\/mytransgenderdate.com\/fr\/blog\/2022\/11\/la-journee-des-parents-trans\" \/>\n<meta property=\"og:site_name\" content=\"My Transgender Blog\" \/>\n<meta property=\"article:publisher\" content=\"https:\/\/www.facebook.com\/myTSdate\" \/>\n<meta property=\"article:published_time\" content=\"2022-11-04T01:00:00+00:00\" \/>\n<meta property=\"article:modified_time\" content=\"2026-03-18T22:53:04+00:00\" \/>\n<meta property=\"og:image\" content=\"https:\/\/mytransgenderdate.com\/fr\/blog\/wp-content\/uploads\/sites\/5\/2022\/11\/Featured_Image.jpg\" \/>\n\t<meta property=\"og:image:width\" content=\"1032\" \/>\n\t<meta property=\"og:image:height\" content=\"646\" \/>\n\t<meta property=\"og:image:type\" content=\"image\/jpeg\" \/>\n<meta name=\"author\" content=\"Amanda Valentine Dela Cruz\" \/>\n<meta name=\"twitter:card\" content=\"summary_large_image\" \/>\n<meta name=\"twitter:creator\" content=\"@https:\/\/x.com\/amandavdelacruz\" \/>\n<meta name=\"twitter:site\" content=\"@MyTranssexual\" \/>\n<meta name=\"twitter:label1\" content=\"\u00c9crit par\" \/>\n\t<meta name=\"twitter:data1\" content=\"Amanda Valentine Dela Cruz\" \/>\n\t<meta name=\"twitter:label2\" content=\"Dur\u00e9e de lecture estim\u00e9e\" \/>\n\t<meta name=\"twitter:data2\" content=\"10 minutes\" \/>\n<script type=\"application\/ld+json\" class=\"yoast-schema-graph\">{\"@context\":\"https:\/\/schema.org\",\"@graph\":[{\"@type\":\"Article\",\"@id\":\"https:\/\/mytransgenderdate.com\/fr\/blog\/2022\/11\/la-journee-des-parents-trans#article\",\"isPartOf\":{\"@id\":\"https:\/\/mytransgenderdate.com\/fr\/blog\/2022\/11\/la-journee-des-parents-trans\"},\"author\":{\"name\":\"Amanda Valentine Dela Cruz\",\"@id\":\"https:\/\/mytransgenderdate.com\/fr\/blog\/#\/schema\/person\/4a539c6eb4c5ea1eae736bc6f474722e\"},\"headline\":\"La Journ\u00e9e des Parents Trans\",\"datePublished\":\"2022-11-04T01:00:00+00:00\",\"dateModified\":\"2026-03-18T22:53:04+00:00\",\"mainEntityOfPage\":{\"@id\":\"https:\/\/mytransgenderdate.com\/fr\/blog\/2022\/11\/la-journee-des-parents-trans\"},\"wordCount\":1706,\"commentCount\":0,\"image\":{\"@id\":\"https:\/\/mytransgenderdate.com\/fr\/blog\/2022\/11\/la-journee-des-parents-trans#primaryimage\"},\"thumbnailUrl\":\"https:\/\/mytransgenderdate.com\/fr\/blog\/wp-content\/uploads\/sites\/5\/2022\/11\/Featured_Image.jpg\",\"keywords\":[\"featured\"],\"articleSection\":[\"Informatif\"],\"inLanguage\":\"fr-FR\",\"potentialAction\":[{\"@type\":\"CommentAction\",\"name\":\"Comment\",\"target\":[\"https:\/\/mytransgenderdate.com\/fr\/blog\/2022\/11\/la-journee-des-parents-trans#respond\"]}]},{\"@type\":\"WebPage\",\"@id\":\"https:\/\/mytransgenderdate.com\/fr\/blog\/2022\/11\/la-journee-des-parents-trans\",\"url\":\"https:\/\/mytransgenderdate.com\/fr\/blog\/2022\/11\/la-journee-des-parents-trans\",\"name\":\"La Journ\u00e9e des Parents Trans - My Transgender Blog\",\"isPartOf\":{\"@id\":\"https:\/\/mytransgenderdate.com\/fr\/blog\/#website\"},\"primaryImageOfPage\":{\"@id\":\"https:\/\/mytransgenderdate.com\/fr\/blog\/2022\/11\/la-journee-des-parents-trans#primaryimage\"},\"image\":{\"@id\":\"https:\/\/mytransgenderdate.com\/fr\/blog\/2022\/11\/la-journee-des-parents-trans#primaryimage\"},\"thumbnailUrl\":\"https:\/\/mytransgenderdate.com\/fr\/blog\/wp-content\/uploads\/sites\/5\/2022\/11\/Featured_Image.jpg\",\"datePublished\":\"2022-11-04T01:00:00+00:00\",\"dateModified\":\"2026-03-18T22:53:04+00:00\",\"author\":{\"@id\":\"https:\/\/mytransgenderdate.com\/fr\/blog\/#\/schema\/person\/4a539c6eb4c5ea1eae736bc6f474722e\"},\"breadcrumb\":{\"@id\":\"https:\/\/mytransgenderdate.com\/fr\/blog\/2022\/11\/la-journee-des-parents-trans#breadcrumb\"},\"inLanguage\":\"fr-FR\",\"potentialAction\":[{\"@type\":\"ReadAction\",\"target\":[\"https:\/\/mytransgenderdate.com\/fr\/blog\/2022\/11\/la-journee-des-parents-trans\"]}]},{\"@type\":\"ImageObject\",\"inLanguage\":\"fr-FR\",\"@id\":\"https:\/\/mytransgenderdate.com\/fr\/blog\/2022\/11\/la-journee-des-parents-trans#primaryimage\",\"url\":\"https:\/\/mytransgenderdate.com\/fr\/blog\/wp-content\/uploads\/sites\/5\/2022\/11\/Featured_Image.jpg\",\"contentUrl\":\"https:\/\/mytransgenderdate.com\/fr\/blog\/wp-content\/uploads\/sites\/5\/2022\/11\/Featured_Image.jpg\",\"width\":1032,\"height\":646},{\"@type\":\"BreadcrumbList\",\"@id\":\"https:\/\/mytransgenderdate.com\/fr\/blog\/2022\/11\/la-journee-des-parents-trans#breadcrumb\",\"itemListElement\":[{\"@type\":\"ListItem\",\"position\":1,\"name\":\"Home\",\"item\":\"https:\/\/mytransgenderdate.com\/fr\/blog\"},{\"@type\":\"ListItem\",\"position\":2,\"name\":\"La Journ\u00e9e des Parents Trans\"}]},{\"@type\":\"WebSite\",\"@id\":\"https:\/\/mytransgenderdate.com\/fr\/blog\/#website\",\"url\":\"https:\/\/mytransgenderdate.com\/fr\/blog\/\",\"name\":\"My Transgender Blog\",\"description\":\"Rencontres de qualit\u00e9 pour femmes transgenres \/ transsexuelles et mecs biens\",\"potentialAction\":[{\"@type\":\"SearchAction\",\"target\":{\"@type\":\"EntryPoint\",\"urlTemplate\":\"https:\/\/mytransgenderdate.com\/fr\/blog\/?s={search_term_string}\"},\"query-input\":{\"@type\":\"PropertyValueSpecification\",\"valueRequired\":true,\"valueName\":\"search_term_string\"}}],\"inLanguage\":\"fr-FR\"},{\"@type\":\"Person\",\"@id\":\"https:\/\/mytransgenderdate.com\/fr\/blog\/#\/schema\/person\/4a539c6eb4c5ea1eae736bc6f474722e\",\"name\":\"Amanda Valentine Dela Cruz\",\"image\":{\"@type\":\"ImageObject\",\"inLanguage\":\"fr-FR\",\"@id\":\"https:\/\/mytransgenderdate.com\/fr\/blog\/#\/schema\/person\/image\/\",\"url\":\"https:\/\/secure.gravatar.com\/avatar\/127737b0600db04b2fa568a8b7c1625a7e6933ae1eb06d928597b09b45e597e2?s=96&d=mm&r=g\",\"contentUrl\":\"https:\/\/secure.gravatar.com\/avatar\/127737b0600db04b2fa568a8b7c1625a7e6933ae1eb06d928597b09b45e597e2?s=96&d=mm&r=g\",\"caption\":\"Amanda Valentine Dela Cruz\"},\"description\":\"Amanda Valentine is a transgender woman who has written about trans topics for over 10 years for My Transgender Date. She is an author who made it on Amazon\u2019s best-seller list by writing 5 books on trans women\u2019s relationships. Her book \u201cDating Transgender Women for Gentlemen\u201d peaked at #3 in the Transgender Studies category on Amazon. She started writing at the age of 10 and won a poetry contest in 4th grade which convinced her to pursue a career in literature. Her personal experiences as a transgender woman give her a unique perspective on trans topics.\",\"sameAs\":[\"https:\/\/dtwfgbook.abramspublishinghouse.com\",\"https:\/\/www.instagram.com\/amandavdelacruz\/\",\"https:\/\/www.linkedin.com\/in\/amanda-valentine-dela-cruz-82b5641a6\/\",\"https:\/\/x.com\/https:\/\/x.com\/amandavdelacruz\"],\"url\":\"https:\/\/mytransgenderdate.com\/fr\/blog\/author\/amanda\"}]}<\/script>\n<!-- \/ Yoast SEO plugin. -->","yoast_head_json":{"title":"La Journ\u00e9e des Parents Trans - My Transgender Blog","robots":{"index":"index","follow":"follow","max-snippet":"max-snippet:-1","max-image-preview":"max-image-preview:large","max-video-preview":"max-video-preview:-1"},"canonical":"https:\/\/mytransgenderdate.com\/fr\/blog\/2022\/11\/la-journee-des-parents-trans","og_locale":"fr_FR","og_type":"article","og_title":"La Journ\u00e9e des Parents Trans - My Transgender Blog","og_description":"Il y a tellement de raisons d&rsquo;\u00eatre fier en tant que personne transgenre. Et l&rsquo;une d&rsquo;entre elles est la fiert\u00e9 d&rsquo;\u00eatre un parent transgenre. Aujourd&rsquo;hui, nous allons aborder la signification, l&rsquo;histoire et les principes fondamentaux de la Journ\u00e9e des Parents Trans. Il n&rsquo;est pas n\u00e9cessaire d&rsquo;avoir des enfants pour c\u00e9l\u00e9brer cette journ\u00e9e, car vous pouvez [&hellip;]","og_url":"https:\/\/mytransgenderdate.com\/fr\/blog\/2022\/11\/la-journee-des-parents-trans","og_site_name":"My Transgender Blog","article_publisher":"https:\/\/www.facebook.com\/myTSdate","article_published_time":"2022-11-04T01:00:00+00:00","article_modified_time":"2026-03-18T22:53:04+00:00","og_image":[{"width":1032,"height":646,"url":"https:\/\/mytransgenderdate.com\/fr\/blog\/wp-content\/uploads\/sites\/5\/2022\/11\/Featured_Image.jpg","type":"image\/jpeg"}],"author":"Amanda Valentine Dela Cruz","twitter_card":"summary_large_image","twitter_creator":"@https:\/\/x.com\/amandavdelacruz","twitter_site":"@MyTranssexual","twitter_misc":{"\u00c9crit par":"Amanda Valentine Dela Cruz","Dur\u00e9e de lecture estim\u00e9e":"10 minutes"},"schema":{"@context":"https:\/\/schema.org","@graph":[{"@type":"Article","@id":"https:\/\/mytransgenderdate.com\/fr\/blog\/2022\/11\/la-journee-des-parents-trans#article","isPartOf":{"@id":"https:\/\/mytransgenderdate.com\/fr\/blog\/2022\/11\/la-journee-des-parents-trans"},"author":{"name":"Amanda Valentine Dela Cruz","@id":"https:\/\/mytransgenderdate.com\/fr\/blog\/#\/schema\/person\/4a539c6eb4c5ea1eae736bc6f474722e"},"headline":"La Journ\u00e9e des Parents Trans","datePublished":"2022-11-04T01:00:00+00:00","dateModified":"2026-03-18T22:53:04+00:00","mainEntityOfPage":{"@id":"https:\/\/mytransgenderdate.com\/fr\/blog\/2022\/11\/la-journee-des-parents-trans"},"wordCount":1706,"commentCount":0,"image":{"@id":"https:\/\/mytransgenderdate.com\/fr\/blog\/2022\/11\/la-journee-des-parents-trans#primaryimage"},"thumbnailUrl":"https:\/\/mytransgenderdate.com\/fr\/blog\/wp-content\/uploads\/sites\/5\/2022\/11\/Featured_Image.jpg","keywords":["featured"],"articleSection":["Informatif"],"inLanguage":"fr-FR","potentialAction":[{"@type":"CommentAction","name":"Comment","target":["https:\/\/mytransgenderdate.com\/fr\/blog\/2022\/11\/la-journee-des-parents-trans#respond"]}]},{"@type":"WebPage","@id":"https:\/\/mytransgenderdate.com\/fr\/blog\/2022\/11\/la-journee-des-parents-trans","url":"https:\/\/mytransgenderdate.com\/fr\/blog\/2022\/11\/la-journee-des-parents-trans","name":"La Journ\u00e9e des Parents Trans - My Transgender Blog","isPartOf":{"@id":"https:\/\/mytransgenderdate.com\/fr\/blog\/#website"},"primaryImageOfPage":{"@id":"https:\/\/mytransgenderdate.com\/fr\/blog\/2022\/11\/la-journee-des-parents-trans#primaryimage"},"image":{"@id":"https:\/\/mytransgenderdate.com\/fr\/blog\/2022\/11\/la-journee-des-parents-trans#primaryimage"},"thumbnailUrl":"https:\/\/mytransgenderdate.com\/fr\/blog\/wp-content\/uploads\/sites\/5\/2022\/11\/Featured_Image.jpg","datePublished":"2022-11-04T01:00:00+00:00","dateModified":"2026-03-18T22:53:04+00:00","author":{"@id":"https:\/\/mytransgenderdate.com\/fr\/blog\/#\/schema\/person\/4a539c6eb4c5ea1eae736bc6f474722e"},"breadcrumb":{"@id":"https:\/\/mytransgenderdate.com\/fr\/blog\/2022\/11\/la-journee-des-parents-trans#breadcrumb"},"inLanguage":"fr-FR","potentialAction":[{"@type":"ReadAction","target":["https:\/\/mytransgenderdate.com\/fr\/blog\/2022\/11\/la-journee-des-parents-trans"]}]},{"@type":"ImageObject","inLanguage":"fr-FR","@id":"https:\/\/mytransgenderdate.com\/fr\/blog\/2022\/11\/la-journee-des-parents-trans#primaryimage","url":"https:\/\/mytransgenderdate.com\/fr\/blog\/wp-content\/uploads\/sites\/5\/2022\/11\/Featured_Image.jpg","contentUrl":"https:\/\/mytransgenderdate.com\/fr\/blog\/wp-content\/uploads\/sites\/5\/2022\/11\/Featured_Image.jpg","width":1032,"height":646},{"@type":"BreadcrumbList","@id":"https:\/\/mytransgenderdate.com\/fr\/blog\/2022\/11\/la-journee-des-parents-trans#breadcrumb","itemListElement":[{"@type":"ListItem","position":1,"name":"Home","item":"https:\/\/mytransgenderdate.com\/fr\/blog"},{"@type":"ListItem","position":2,"name":"La Journ\u00e9e des Parents Trans"}]},{"@type":"WebSite","@id":"https:\/\/mytransgenderdate.com\/fr\/blog\/#website","url":"https:\/\/mytransgenderdate.com\/fr\/blog\/","name":"My Transgender Blog","description":"Rencontres de qualit\u00e9 pour femmes transgenres \/ transsexuelles et mecs biens","potentialAction":[{"@type":"SearchAction","target":{"@type":"EntryPoint","urlTemplate":"https:\/\/mytransgenderdate.com\/fr\/blog\/?s={search_term_string}"},"query-input":{"@type":"PropertyValueSpecification","valueRequired":true,"valueName":"search_term_string"}}],"inLanguage":"fr-FR"},{"@type":"Person","@id":"https:\/\/mytransgenderdate.com\/fr\/blog\/#\/schema\/person\/4a539c6eb4c5ea1eae736bc6f474722e","name":"Amanda Valentine Dela Cruz","image":{"@type":"ImageObject","inLanguage":"fr-FR","@id":"https:\/\/mytransgenderdate.com\/fr\/blog\/#\/schema\/person\/image\/","url":"https:\/\/secure.gravatar.com\/avatar\/127737b0600db04b2fa568a8b7c1625a7e6933ae1eb06d928597b09b45e597e2?s=96&d=mm&r=g","contentUrl":"https:\/\/secure.gravatar.com\/avatar\/127737b0600db04b2fa568a8b7c1625a7e6933ae1eb06d928597b09b45e597e2?s=96&d=mm&r=g","caption":"Amanda Valentine Dela Cruz"},"description":"Amanda Valentine is a transgender woman who has written about trans topics for over 10 years for My Transgender Date. She is an author who made it on Amazon\u2019s best-seller list by writing 5 books on trans women\u2019s relationships. Her book \u201cDating Transgender Women for Gentlemen\u201d peaked at #3 in the Transgender Studies category on Amazon. She started writing at the age of 10 and won a poetry contest in 4th grade which convinced her to pursue a career in literature. Her personal experiences as a transgender woman give her a unique perspective on trans topics.","sameAs":["https:\/\/dtwfgbook.abramspublishinghouse.com","https:\/\/www.instagram.com\/amandavdelacruz\/","https:\/\/www.linkedin.com\/in\/amanda-valentine-dela-cruz-82b5641a6\/","https:\/\/x.com\/https:\/\/x.com\/amandavdelacruz"],"url":"https:\/\/mytransgenderdate.com\/fr\/blog\/author\/amanda"}]}},"_links":{"self":[{"href":"https:\/\/mytransgenderdate.com\/fr\/blog\/wp-json\/wp\/v2\/posts\/2585","targetHints":{"allow":["GET"]}}],"collection":[{"href":"https:\/\/mytransgenderdate.com\/fr\/blog\/wp-json\/wp\/v2\/posts"}],"about":[{"href":"https:\/\/mytransgenderdate.com\/fr\/blog\/wp-json\/wp\/v2\/types\/post"}],"author":[{"embeddable":true,"href":"https:\/\/mytransgenderdate.com\/fr\/blog\/wp-json\/wp\/v2\/users\/4"}],"replies":[{"embeddable":true,"href":"https:\/\/mytransgenderdate.com\/fr\/blog\/wp-json\/wp\/v2\/comments?post=2585"}],"version-history":[{"count":11,"href":"https:\/\/mytransgenderdate.com\/fr\/blog\/wp-json\/wp\/v2\/posts\/2585\/revisions"}],"predecessor-version":[{"id":4937,"href":"https:\/\/mytransgenderdate.com\/fr\/blog\/wp-json\/wp\/v2\/posts\/2585\/revisions\/4937"}],"wp:featuredmedia":[{"embeddable":true,"href":"https:\/\/mytransgenderdate.com\/fr\/blog\/wp-json\/wp\/v2\/media\/2610"}],"wp:attachment":[{"href":"https:\/\/mytransgenderdate.com\/fr\/blog\/wp-json\/wp\/v2\/media?parent=2585"}],"wp:term":[{"taxonomy":"category","embeddable":true,"href":"https:\/\/mytransgenderdate.com\/fr\/blog\/wp-json\/wp\/v2\/categories?post=2585"},{"taxonomy":"post_tag","embeddable":true,"href":"https:\/\/mytransgenderdate.com\/fr\/blog\/wp-json\/wp\/v2\/tags?post=2585"}],"curies":[{"name":"wp","href":"https:\/\/api.w.org\/{rel}","templated":true}]}}