{"id":3243,"date":"2024-08-09T01:00:00","date_gmt":"2024-08-09T01:00:00","guid":{"rendered":"https:\/\/mytransgenderdate.com\/fr\/blog\/?p=3243"},"modified":"2024-08-06T14:19:08","modified_gmt":"2024-08-06T14:19:08","slug":"quest-ce-que-le-langage-neutre-et-inclusif","status":"publish","type":"post","link":"https:\/\/mytransgenderdate.com\/fr\/blog\/2024\/08\/quest-ce-que-le-langage-neutre-et-inclusif","title":{"rendered":"Qu&rsquo;est ce que le langage neutre et inclusif ?"},"content":{"rendered":"\n<p>Il semble que le langage neutre, les pronoms neutres et le langage inclusif sont la mode au sein de <a href=\"https:\/\/mytransgenderdate.com\/fr\/blog\/2020\/10\/quest-ce-que-lgbttqqiaap\">la communaut\u00e9 LGBTQIA+<\/a> depuis quelques temps. Beaucoup d&rsquo;entre vous <strong>peuvent \u00eatre un peu perdu<\/strong> avec l&rsquo;apparition de ces nouveaux termes qui s&rsquo;accumulent.<\/p>\n\n\n\n<p>Mais si vous avez <strong>5 minutes \u00e0 consacrer<\/strong> \u00e0 la lecture de ce guide, vous d\u00e9couvrirez que la raison derri\u00e8re ces changements n&rsquo;est pas triviale et vous incitera \u00e0 vous joindre au mouvement pour l&rsquo;inclusivit\u00e9.<\/p>\n\n\n\n<h2 class=\"wp-block-heading\">D\u00e9finition<\/h2>\n\n\n\n<p>Le langage neutre, \u00e9galement appel\u00e9 langage inclusif, est <strong>un langage qui prot\u00e8ge les individus d&rsquo;un sexe ou d&rsquo;un genre social particulier contre les biais<\/strong>. Il inclut des noms qui :<\/p>\n\n\n\n<ul class=\"wp-block-list\">\n<li>n&rsquo;ont pas de sp\u00e9cificit\u00e9 concernant les emplois ou les r\u00f4les<\/li>\n\n\n\n<li>forment des phrases de mani\u00e8re \u00e9gale<\/li>\n<\/ul>\n\n\n\n<p>et \u00e9radique l&rsquo;utilisation syst\u00e9matique des termes masculins comme forme de noms g\u00e9n\u00e9riques pour tout le monde.<\/p>\n\n\n\n<p>Avec les noms \u00ab\u00a0acteur\u00a0\u00bb et \u00ab\u00a0polici\u00e8re\u00a0\u00bb, les termes neutres correspondants seraient \u00ab\u00a0artiste\u00a0\u00bb et \u00ab\u00a0agent de police\u00a0\u00bb.<\/p>\n\n\n\n<h2 class=\"wp-block-heading\">Utilisation<\/h2>\n\n\n\n<p>Il existe plus d&rsquo;exemples sur la fa\u00e7on dont ce langage est utilis\u00e9. <strong>Vous pouvez \u00eatre perdu<\/strong> car beaucoup de gens vont imm\u00e9diatement supposer le genre d&rsquo;une personne en fonction de son apparence.<\/p>\n\n\n<div class=\"wp-block-image\">\n<figure class=\"aligncenter size-full\"><img loading=\"lazy\" decoding=\"async\" width=\"900\" height=\"506\" src=\"https:\/\/mytransgenderdate.com\/fr\/blog\/wp-content\/uploads\/sites\/5\/2024\/07\/Question_mark-edited.jpg\" alt=\"Point d'interrogation dans un tunnel couvert de graffitis.\" class=\"wp-image-3245\" srcset=\"https:\/\/mytransgenderdate.com\/fr\/blog\/wp-content\/uploads\/sites\/5\/2024\/07\/Question_mark-edited.jpg 900w, https:\/\/mytransgenderdate.com\/fr\/blog\/wp-content\/uploads\/sites\/5\/2024\/07\/Question_mark-edited-300x169.jpg 300w, https:\/\/mytransgenderdate.com\/fr\/blog\/wp-content\/uploads\/sites\/5\/2024\/07\/Question_mark-edited-768x432.jpg 768w\" sizes=\"auto, (max-width: 900px) 100vw, 900px\" \/><figcaption class=\"wp-element-caption\"><em>Question mark &#8211;&nbsp;<a href=\"https:\/\/unsplash.com\/photos\/question-mark-neon-signage-8xAA0f9yQnE\" target=\"_blank\" rel=\"noreferrer noopener\">unsplash.com<\/a><\/em><\/figcaption><\/figure>\n<\/div>\n\n\n<p>Mais le fait qu&rsquo;une personne s&rsquo;habille de mani\u00e8re conventionnellement masculine ou f\u00e9minine ne signifie pas qu&rsquo;elle appartient <a href=\"https:\/\/mytransgenderdate.com\/fr\/blog\/2020\/08\/la-non-conformite-de-genre\">au genre binaire<\/a>. La seule personne qui peut identifier le genre de quelqu&rsquo;un est elle-m\u00eame.<\/p>\n\n\n\n<p>Toujours confus ? Voici quelques exemples qui vous aideront \u00e0 ne pas offenser ou supposer le langage inclusif qu&rsquo;une personne pr\u00e9f\u00e8re.<\/p>\n\n\n\n<ol class=\"wp-block-list\">\n<li>\u00ab\u00a0Chairman\u00a0\u00bb (composant est \u00ab\u00a0man\u00a0\u00bb) et \u00ab\u00a0Chairwoman\u00a0\u00bb (composant est \u00ab\u00a0woman\u00a0\u00bb) utilisent tous deux des termes du genre binaire commun. Ceux-ci peuvent \u00eatre remplac\u00e9s par \u00ab\u00a0Chairperson\u00a0\u00bb \u00e0 la place. <\/li>\n\n\n\n<li>\u00ab\u00a0Mari\u00a0\u00bb (homme) et \u00ab\u00a0Femme\u00a0\u00bb d\u00e9signent un couple mari\u00e9 appartenant au genre binaire. \u00ab\u00a0Partenaire(s)\u00a0\u00bb peut \u00eatre utilis\u00e9 en remplacement si le couple ou l&rsquo;un d&rsquo;eux ne s&rsquo;identifie ni comme homme ni comme femme.<\/li>\n<\/ol>\n\n\n\n<h2 class=\"wp-block-heading\">Le Langage Masculin Gobal<\/h2>\n\n\n\n<p>Pendant des centaines d&rsquo;ann\u00e9es, <strong>la soci\u00e9t\u00e9 patriarcale<\/strong> s&rsquo;est \u00e9tablie comme la repr\u00e9sentation du peuple. C&rsquo;est pourquoi m\u00eame certaines femmes sont appel\u00e9es avec des pronoms masculins.<\/p>\n\n\n\n<p>Dans les ann\u00e9es 70, l&rsquo;id\u00e9e que des parties de <strong>la langue anglaise \u00e9taient sexistes<\/strong> a \u00e9t\u00e9 port\u00e9e \u00e0 l&rsquo;attention du grand public dans les cultures anglophones occidentales. Pendant ce temps, le lien entre les id\u00e9ologies et le langage (y compris les id\u00e9ologies de genre traditionnelles) \u00e9tait omnipr\u00e9sent dans le domaine acad\u00e9mique de la linguistique.<\/p>\n\n\n<div class=\"wp-block-image\">\n<figure class=\"aligncenter size-full\"><img loading=\"lazy\" decoding=\"async\" width=\"900\" height=\"506\" src=\"https:\/\/mytransgenderdate.com\/fr\/blog\/wp-content\/uploads\/sites\/5\/2024\/07\/man_statue-edited.jpg\" alt=\"Dos d'Hercule sur la place principale \u00e0 Florence, Italie.\" class=\"wp-image-3247\" srcset=\"https:\/\/mytransgenderdate.com\/fr\/blog\/wp-content\/uploads\/sites\/5\/2024\/07\/man_statue-edited.jpg 900w, https:\/\/mytransgenderdate.com\/fr\/blog\/wp-content\/uploads\/sites\/5\/2024\/07\/man_statue-edited-300x169.jpg 300w, https:\/\/mytransgenderdate.com\/fr\/blog\/wp-content\/uploads\/sites\/5\/2024\/07\/man_statue-edited-768x432.jpg 768w\" sizes=\"auto, (max-width: 900px) 100vw, 900px\" \/><figcaption class=\"wp-element-caption\"><em>Hercules, Florence, Italy &#8211;&nbsp;<a href=\"https:\/\/unsplash.com\/photos\/naked-man-statue-L3QG_OBluT0\" target=\"_blank\" rel=\"noreferrer noopener\">unsplash.com<\/a><\/em><\/figcaption><\/figure>\n<\/div>\n\n\n<p>Le National Council of Teachers of English (NCTE) a publi\u00e9 un ensemble de directives sur <strong>la mani\u00e8re d&rsquo;utiliser correctement un langage non sexiste<\/strong> en 1975. Cependant, des repr\u00e9sailles ont eu lieu et les directives ont \u00e9galement suscit\u00e9 un d\u00e9bat sur la n\u00e9cessit\u00e9 ou non de l&rsquo;application du langage non sexiste.<\/p>\n\n\n\n<ul class=\"wp-block-list\">\n<li>La f\u00e9ministe Maja S. Blauberg de Grande-Bretagne a contr\u00e9 8 arguments oppos\u00e9s couramment utilis\u00e9s en 1980.<\/li>\n\n\n\n<li>La Nouvelle-Galles du Sud, en Australie, a exig\u00e9 l&rsquo;utilisation de \u00ab\u00a0they\u00a0\u00bb (iel, m\u00e9lange de \u00ab\u00a0il\u00a0\u00bb et \u00ab\u00a0elle\u00a0\u00bb) au lieu de \u00ab\u00a0she\u00a0\u00bb (elle) et \u00ab\u00a0he\u00a0\u00bb (il) dans les lois ult\u00e9rieures en 1983.<\/li>\n\n\n\n<li>La Canadian Corporation for Studies in Religion (CCSR) a adopt\u00e9 une motion pour que toutes ses publications \u00e0 venir utilisent un langage non sexiste.<\/li>\n\n\n\n<li>Les institutions acad\u00e9miques en Grande-Bretagne et au Canada ont mis en place des politiques non sexistes en 1985.<\/li>\n\n\n\n<li>The Handbook of Nonsexist Writing et The A-Z of Non-Sexist Language de Women&rsquo;s Press Publications ont \u00e9t\u00e9 cr\u00e9\u00e9s pour d\u00e9radicaliser les \u0153uvres originales.<\/li>\n\n\n\n<li>R\u00e9cemment, l&rsquo;\u00c9tat de New York a mis en place sa politique d&rsquo;utilisation de termes neutres comme \u00ab\u00a0firefighter\u00a0\u00bb et \u00ab\u00a0police officer\u00a0\u00bb.<\/li>\n<\/ul>\n\n\n\n<p>[[SIGNUP]]<\/p>\n\n\n\n<h2 class=\"wp-block-heading\">Impacts N\u00e9gatifs de l&rsquo;Utilisation des Mauvais Pronoms<\/h2>\n\n\n\n<p>Utiliser les mauvais pronoms <strong>invalide l&rsquo;existence d&rsquo;une personne<\/strong>. Nous avons tous une place dans ce monde pour \u00eatre qui nous sommes. Imposer un terme inappropri\u00e9 \u00e0 une personne mal genr\u00e9e peut affecter sa confiance en elle et ses relations sociales.<\/p>\n\n\n<div class=\"wp-block-image\">\n<figure class=\"aligncenter size-full\"><img loading=\"lazy\" decoding=\"async\" width=\"900\" height=\"506\" src=\"https:\/\/mytransgenderdate.com\/fr\/blog\/wp-content\/uploads\/sites\/5\/2024\/07\/screaming_woman-edited.jpg\" alt=\"Femme criant avec ses mains sur sa t\u00eate, illumin\u00e9e par une lumi\u00e8re rouge.\" class=\"wp-image-3249\" srcset=\"https:\/\/mytransgenderdate.com\/fr\/blog\/wp-content\/uploads\/sites\/5\/2024\/07\/screaming_woman-edited.jpg 900w, https:\/\/mytransgenderdate.com\/fr\/blog\/wp-content\/uploads\/sites\/5\/2024\/07\/screaming_woman-edited-300x169.jpg 300w, https:\/\/mytransgenderdate.com\/fr\/blog\/wp-content\/uploads\/sites\/5\/2024\/07\/screaming_woman-edited-768x432.jpg 768w\" sizes=\"auto, (max-width: 900px) 100vw, 900px\" \/><figcaption class=\"wp-element-caption\"><em>Femme qui crie &#8211;&nbsp;<a href=\"https:\/\/pixabay.com\/photos\/art-girl-woman-make-up-red-angry-4987011\/\" target=\"_blank\" rel=\"noreferrer noopener\">pixabay.com<\/a><\/em><\/figcaption><\/figure>\n<\/div>\n\n\n<p>Malheureusement, aujourd&rsquo;hui encore, les personnes qui se trouvent sous les \u00e9tiquettes de genre non binaire <strong>sont encore moqu\u00e9es<\/strong>. Certains se moquent d&rsquo;une personne qui pr\u00e9f\u00e8re \u00eatre appel\u00e9e par \u00ab\u00a0they\u00a0\u00bb, \u00ab\u00a0them\u00a0\u00bb, \u00ab\u00a0their\u00a0\u00bb (\u00ab\u00a0iel\u00a0\u00bb, leur\u00a0\u00bb) au lieu des pronoms r\u00e9guliers \u00ab\u00a0he\u00a0\u00bb, \u00ab\u00a0his\u00a0\u00bb, \u00ab\u00a0him\u00a0\u00bb (\u00ab\u00a0il\u00a0\u00bb, \u00ab\u00a0son\u00a0\u00bb, \u00ab\u00a0ses\u00a0\u00bb) et \u00ab\u00a0she\u00a0\u00bb, \u00ab\u00a0her\u00a0\u00bb, \u00ab\u00a0hers\u00a0\u00bb (\u00ab\u00a0elle\u00a0\u00bb, \u00ab\u00a0son\u00a0\u00bb, \u00ab\u00a0ses\u00a0\u00bb).<\/p>\n\n\n\n<p>Le 21e si\u00e8cle a cr\u00e9\u00e9 de nombreuses blagues commen\u00e7ant par la d\u00e9claration \u00ab\u00a0I Identify as\u00a0\u00bb (\u00ab\u00a0je m&rsquo;identifie comme\u00a0\u00bb) et suivie d&rsquo;un objet ou d&rsquo;un animal. Certaines de ces blagues sont du genre :<\/p>\n\n\n\n<ul class=\"wp-block-list\">\n<li>\u00ab\u00a0Je m&rsquo;identifie comme une past\u00e8que.\u00a0\u00bb<\/li>\n\n\n\n<li>\u00ab\u00a0Je ne suis pas un homme, je m&rsquo;identifie comme un billet de 100 dollars.\u00a0\u00bb<\/li>\n\n\n\n<li>\u00ab\u00a0Ne m&rsquo;appelez pas madame, je suis un buffle non binaire.\u00a0\u00bb<\/li>\n<\/ul>\n\n\n\n<p>Ces blagues sont d&rsquo;un mauvais go\u00fbt exasp\u00e9rant.<\/p>\n\n\n\n<h2 class=\"wp-block-heading\">Impacts N\u00e9gatifs d&rsquo;Avoir un Nom Contraire pour une Personne Trans et une Personne Non Conforme au Genre<\/h2>\n\n\n\n<p>Les personnes non binaires subissent des moqueries constantes. Les personnes transgenres y sont tout autant confront\u00e9es. Pour approfondir ce sujet, vous devez comprendre les implications d&rsquo;\u00eatre mal identifi\u00e9 et mal genr\u00e9.<\/p>\n\n\n<div class=\"wp-block-image\">\n<figure class=\"aligncenter size-full\"><img loading=\"lazy\" decoding=\"async\" width=\"900\" height=\"506\" src=\"https:\/\/mytransgenderdate.com\/fr\/blog\/wp-content\/uploads\/sites\/5\/2024\/07\/lgbt_person-edited.jpg\" alt=\"Femme portant un t-shirt ray\u00e9 arc-en-ciel devant un fond ray\u00e9 arc-en-ciel.\" class=\"wp-image-3253\" srcset=\"https:\/\/mytransgenderdate.com\/fr\/blog\/wp-content\/uploads\/sites\/5\/2024\/07\/lgbt_person-edited.jpg 900w, https:\/\/mytransgenderdate.com\/fr\/blog\/wp-content\/uploads\/sites\/5\/2024\/07\/lgbt_person-edited-300x169.jpg 300w, https:\/\/mytransgenderdate.com\/fr\/blog\/wp-content\/uploads\/sites\/5\/2024\/07\/lgbt_person-edited-768x432.jpg 768w\" sizes=\"auto, (max-width: 900px) 100vw, 900px\" \/><figcaption class=\"wp-element-caption\"><em>Femme avec un haut arc-en-ciel&nbsp;&#8211;&nbsp;<a href=\"https:\/\/unsplash.com\/photos\/a-woman-standing-in-front-of-a-rainbow-colored-wall-ReeGI822YKM\" target=\"_blank\" rel=\"noreferrer noopener\">unsplash.com<\/a><\/em><\/figcaption><\/figure>\n<\/div>\n\n\n<p>Mais dans cette section, <strong>nous nous concentrerons davantage sur les noms<\/strong>. Voici des exemples de la mani\u00e8re dont avoir le mauvais nom, langage et pronom peut avoir des implications n\u00e9gatives sur la vie quotidienne des personnes trans et non binaires.<\/p>\n\n\n\n<p>1. Une femme trans dans une clinique attend son tour pour faire une prise de sang. En raison du manque de syst\u00e8mes avanc\u00e9s de la clinique, les infirmi\u00e8res crient les noms des dossiers pour alerter les patients que c&rsquo;est leur tour.<\/p>\n\n\n\n<blockquote class=\"wp-block-quote is-layout-flow wp-block-quote-is-layout-flow\">\n<p><em>Patient Joshua Bryant ! Appel au patient Joshua Bryant<\/em><\/p>\n<\/blockquote>\n\n\n\n<p>Elle se l\u00e8ve et les gens la regardent en riant ou confus. Cela peut m\u00eame empirer si l&rsquo;infirmi\u00e8re d\u00e9cide d&rsquo;ajouter le titre \u00ab\u00a0Monsieur\u00a0\u00bb \u00e0 son appel.<\/p>\n\n\n\n<p>2. Une personne non binaire se pr\u00e9sente de mani\u00e8re \u00ab\u00a0masculine\u00a0\u00bb mais elle n&rsquo;est pas \u00e0 l&rsquo;aise d&rsquo;\u00eatre appel\u00e9e mec, bro, ou homme. Mais ses amis ignorent sa pr\u00e9f\u00e9rence et continuent d&rsquo;utiliser un langage incorrect. Cela donnera l&rsquo;impression que l&rsquo;existence de la personne n&rsquo;est pas reconnue et pourrait d\u00e9truire l&rsquo;amiti\u00e9.<\/p>\n\n\n\n<h2 class=\"wp-block-heading\">C\u00e9l\u00e9brit\u00e9s qui Pr\u00e9f\u00e8rent les Termes Neutres<\/h2>\n\n\n\n<p>Le langage inclusif n&rsquo;est <strong>pas seulement un mot \u00e0 la mode<\/strong>. Il a \u00e9t\u00e9 r\u00e9prim\u00e9 pendant de nombreuses ann\u00e9es \u00e0 cause de la dictature de la soci\u00e9t\u00e9 sur ce qu&rsquo;elle pr\u00e9f\u00e8re exister. Mais au 21e si\u00e8cle, cela change progressivement et m\u00eame certaines c\u00e9l\u00e9brit\u00e9s sont sorties de l&rsquo;ombre pour montrer au monde leur v\u00e9ritable identit\u00e9.<\/p>\n\n\n\n<h3 class=\"wp-block-heading\">Demi Lovato<\/h3>\n\n\n\n<p>Ils sont probablement l&rsquo;une des personnes non binaires les plus controvers\u00e9es dans le showbiz.<\/p>\n\n\n<div class=\"wp-block-image\">\n<figure class=\"aligncenter size-full\"><img loading=\"lazy\" decoding=\"async\" width=\"900\" height=\"506\" src=\"https:\/\/mytransgenderdate.com\/fr\/blog\/wp-content\/uploads\/sites\/5\/2024\/07\/Demi_Lovato-edited.jpg\" alt=\"Demi Lovato\" class=\"wp-image-3255\" srcset=\"https:\/\/mytransgenderdate.com\/fr\/blog\/wp-content\/uploads\/sites\/5\/2024\/07\/Demi_Lovato-edited.jpg 900w, https:\/\/mytransgenderdate.com\/fr\/blog\/wp-content\/uploads\/sites\/5\/2024\/07\/Demi_Lovato-edited-300x169.jpg 300w, https:\/\/mytransgenderdate.com\/fr\/blog\/wp-content\/uploads\/sites\/5\/2024\/07\/Demi_Lovato-edited-768x432.jpg 768w\" sizes=\"auto, (max-width: 900px) 100vw, 900px\" \/><figcaption class=\"wp-element-caption\"><em>Demi Lovato \u2013 Instagram&nbsp;<a href=\"https:\/\/www.instagram.com\/p\/C6p3sQXsaDT\/?img_index=1\" target=\"_blank\" rel=\"noreferrer noopener\">@ddlovato<\/a><\/em><\/figcaption><\/figure>\n<\/div>\n\n\n<p>Ils ont commenc\u00e9 comme une star de Disney, jouant le r\u00f4le conventionnel d&rsquo;une h\u00e9ro\u00efne. Et ils sont finalement devenus une grande sensation musicale apr\u00e8s le succ\u00e8s de Camp Rock. Le monde a \u00e9t\u00e9 choqu\u00e9 lorsqu&rsquo;ils ont fait leur coming out.<\/p>\n\n\n\n<h3 class=\"wp-block-heading\">Sam Smith<\/h3>\n\n\n\n<p>En 2017, le chanteur laur\u00e9at d&rsquo;un Grammy Award a d\u00e9clar\u00e9 au Sunday Times :<\/p>\n\n\n\n<blockquote class=\"wp-block-quote is-layout-flow wp-block-quote-is-layout-flow\">\n<p><em>Apr\u00e8s une vie de guerre avec mon genre, j&rsquo;ai d\u00e9cid\u00e9 de m&rsquo;accepter pour ce que je suis, \u00e0 l&rsquo;int\u00e9rieur et \u00e0 l&rsquo;ext\u00e9rieur<\/em><\/p>\n<\/blockquote>\n\n\n\n<p>ont-ils \u00e9crit dans une longue l\u00e9gende.<\/p>\n\n\n\n<blockquote class=\"wp-block-quote is-layout-flow wp-block-quote-is-layout-flow\">\n<p><em>Je suis tellement excit\u00e9 et privil\u00e9gi\u00e9 d&rsquo;\u00eatre entour\u00e9 de personnes qui me soutiennent dans cette d\u00e9cision, mais j&rsquo;\u00e9tais tr\u00e8s nerveux \u00e0 l&rsquo;id\u00e9e d&rsquo;annoncer cela car je me soucie trop de ce que les gens pensent, mais zut !<\/em><\/p>\n<\/blockquote>\n\n\n<div class=\"wp-block-image\">\n<figure class=\"aligncenter size-full\"><img loading=\"lazy\" decoding=\"async\" width=\"900\" height=\"506\" src=\"https:\/\/mytransgenderdate.com\/fr\/blog\/wp-content\/uploads\/sites\/5\/2024\/07\/sam_smith-edited.jpg\" alt=\"Sam Smith\" class=\"wp-image-3257\" srcset=\"https:\/\/mytransgenderdate.com\/fr\/blog\/wp-content\/uploads\/sites\/5\/2024\/07\/sam_smith-edited.jpg 900w, https:\/\/mytransgenderdate.com\/fr\/blog\/wp-content\/uploads\/sites\/5\/2024\/07\/sam_smith-edited-300x169.jpg 300w, https:\/\/mytransgenderdate.com\/fr\/blog\/wp-content\/uploads\/sites\/5\/2024\/07\/sam_smith-edited-768x432.jpg 768w\" sizes=\"auto, (max-width: 900px) 100vw, 900px\" \/><figcaption class=\"wp-element-caption\"><em>Sam Smith \u2013 Instagram&nbsp;<a href=\"https:\/\/www.instagram.com\/p\/C9c1UX8oqhF\/?img_index=1\" target=\"_blank\" rel=\"noreferrer noopener\">@samsmith<\/a><\/em><\/figcaption><\/figure>\n<\/div>\n\n\n<p>Adopter le langage neutre n&rsquo;est finalement pas si mauvais. <strong>L&rsquo;acceptation, la tol\u00e9rance et l&rsquo;amour<\/strong> sont ce qui apporte la paix \u00e0 l&rsquo;humanit\u00e9&#8230; correction, \u00e0 l&rsquo;humanit\u00e9 !<\/p>\n\n\n\n<p>Si les gens avaient seulement trouv\u00e9 facile de s&rsquo;adapter \u00e0 la v\u00e9ritable signification du respect, le monde serait un endroit bien meilleur. Avez-vous appr\u00e9ci\u00e9 ce guide ? Partagez-le avec tous ceux que vous connaissez.<\/p>\n","protected":false},"excerpt":{"rendered":"<p>Il semble que le langage neutre, les pronoms neutres et le langage inclusif sont la mode au sein de la communaut\u00e9 LGBTQIA+ depuis quelques temps. Beaucoup d&rsquo;entre vous peuvent \u00eatre un peu perdu avec l&rsquo;apparition de ces nouveaux termes qui s&rsquo;accumulent. Mais si vous avez 5 minutes \u00e0 consacrer \u00e0 la lecture de ce guide, [&hellip;]<\/p>\n","protected":false},"author":4,"featured_media":3310,"comment_status":"open","ping_status":"open","sticky":false,"template":"","format":"standard","meta":{"footnotes":""},"categories":[3],"tags":[22,12],"class_list":["post-3243","post","type-post","status-publish","format-standard","has-post-thumbnail","hentry","category-infos-transsexuelles","tag-faq","tag-featured"],"yoast_head":"<!-- This site is optimized with the Yoast SEO plugin v26.9 - https:\/\/yoast.com\/product\/yoast-seo-wordpress\/ -->\n<title>Qu&#039;est ce que le langage neutre et inclusif ? - My Transgender Blog<\/title>\n<meta name=\"description\" content=\"Le langage neutre est un langage qui prot\u00e8ge les individus d&#039;un sexe ou d&#039;un genre social particulier contre les biais.\" \/>\n<meta name=\"robots\" content=\"index, follow, max-snippet:-1, max-image-preview:large, max-video-preview:-1\" \/>\n<link rel=\"canonical\" href=\"https:\/\/mytransgenderdate.com\/fr\/blog\/2024\/08\/quest-ce-que-le-langage-neutre-et-inclusif\" \/>\n<meta property=\"og:locale\" content=\"fr_FR\" \/>\n<meta property=\"og:type\" content=\"article\" \/>\n<meta property=\"og:title\" content=\"Qu&#039;est ce que le langage neutre et inclusif ? - My Transgender Blog\" \/>\n<meta property=\"og:description\" content=\"Le langage neutre est un langage qui prot\u00e8ge les individus d&#039;un sexe ou d&#039;un genre social particulier contre les biais.\" \/>\n<meta property=\"og:url\" content=\"https:\/\/mytransgenderdate.com\/fr\/blog\/2024\/08\/quest-ce-que-le-langage-neutre-et-inclusif\" \/>\n<meta property=\"og:site_name\" content=\"My Transgender Blog\" \/>\n<meta property=\"article:publisher\" content=\"https:\/\/www.facebook.com\/myTSdate\" \/>\n<meta property=\"article:published_time\" content=\"2024-08-09T01:00:00+00:00\" \/>\n<meta property=\"og:image\" content=\"https:\/\/mytransgenderdate.com\/fr\/blog\/wp-content\/uploads\/sites\/5\/2024\/08\/Featured_Image.jpg\" \/>\n\t<meta property=\"og:image:width\" content=\"985\" \/>\n\t<meta property=\"og:image:height\" content=\"652\" \/>\n\t<meta property=\"og:image:type\" content=\"image\/jpeg\" \/>\n<meta name=\"author\" content=\"Amanda Valentine Dela Cruz\" \/>\n<meta name=\"twitter:card\" content=\"summary_large_image\" \/>\n<meta name=\"twitter:creator\" content=\"@https:\/\/x.com\/amandavdelacruz\" \/>\n<meta name=\"twitter:site\" content=\"@MyTranssexual\" \/>\n<meta name=\"twitter:label1\" content=\"\u00c9crit par\" \/>\n\t<meta name=\"twitter:data1\" content=\"Amanda Valentine Dela Cruz\" \/>\n\t<meta name=\"twitter:label2\" content=\"Dur\u00e9e de lecture estim\u00e9e\" \/>\n\t<meta name=\"twitter:data2\" content=\"8 minutes\" \/>\n<script type=\"application\/ld+json\" class=\"yoast-schema-graph\">{\"@context\":\"https:\/\/schema.org\",\"@graph\":[{\"@type\":\"Article\",\"@id\":\"https:\/\/mytransgenderdate.com\/fr\/blog\/2024\/08\/quest-ce-que-le-langage-neutre-et-inclusif#article\",\"isPartOf\":{\"@id\":\"https:\/\/mytransgenderdate.com\/fr\/blog\/2024\/08\/quest-ce-que-le-langage-neutre-et-inclusif\"},\"author\":{\"name\":\"Amanda Valentine Dela Cruz\",\"@id\":\"https:\/\/mytransgenderdate.com\/fr\/blog\/#\/schema\/person\/4a539c6eb4c5ea1eae736bc6f474722e\"},\"headline\":\"Qu&rsquo;est ce que le langage neutre et inclusif ?\",\"datePublished\":\"2024-08-09T01:00:00+00:00\",\"mainEntityOfPage\":{\"@id\":\"https:\/\/mytransgenderdate.com\/fr\/blog\/2024\/08\/quest-ce-que-le-langage-neutre-et-inclusif\"},\"wordCount\":1404,\"commentCount\":0,\"image\":{\"@id\":\"https:\/\/mytransgenderdate.com\/fr\/blog\/2024\/08\/quest-ce-que-le-langage-neutre-et-inclusif#primaryimage\"},\"thumbnailUrl\":\"https:\/\/mytransgenderdate.com\/fr\/blog\/wp-content\/uploads\/sites\/5\/2024\/08\/Featured_Image.jpg\",\"keywords\":[\"FAQ\",\"featured\"],\"articleSection\":[\"Informatif\"],\"inLanguage\":\"fr-FR\",\"potentialAction\":[{\"@type\":\"CommentAction\",\"name\":\"Comment\",\"target\":[\"https:\/\/mytransgenderdate.com\/fr\/blog\/2024\/08\/quest-ce-que-le-langage-neutre-et-inclusif#respond\"]}]},{\"@type\":\"WebPage\",\"@id\":\"https:\/\/mytransgenderdate.com\/fr\/blog\/2024\/08\/quest-ce-que-le-langage-neutre-et-inclusif\",\"url\":\"https:\/\/mytransgenderdate.com\/fr\/blog\/2024\/08\/quest-ce-que-le-langage-neutre-et-inclusif\",\"name\":\"Qu'est ce que le langage neutre et inclusif ? - My Transgender Blog\",\"isPartOf\":{\"@id\":\"https:\/\/mytransgenderdate.com\/fr\/blog\/#website\"},\"primaryImageOfPage\":{\"@id\":\"https:\/\/mytransgenderdate.com\/fr\/blog\/2024\/08\/quest-ce-que-le-langage-neutre-et-inclusif#primaryimage\"},\"image\":{\"@id\":\"https:\/\/mytransgenderdate.com\/fr\/blog\/2024\/08\/quest-ce-que-le-langage-neutre-et-inclusif#primaryimage\"},\"thumbnailUrl\":\"https:\/\/mytransgenderdate.com\/fr\/blog\/wp-content\/uploads\/sites\/5\/2024\/08\/Featured_Image.jpg\",\"datePublished\":\"2024-08-09T01:00:00+00:00\",\"author\":{\"@id\":\"https:\/\/mytransgenderdate.com\/fr\/blog\/#\/schema\/person\/4a539c6eb4c5ea1eae736bc6f474722e\"},\"description\":\"Le langage neutre est un langage qui prot\u00e8ge les individus d'un sexe ou d'un genre social particulier contre les biais.\",\"breadcrumb\":{\"@id\":\"https:\/\/mytransgenderdate.com\/fr\/blog\/2024\/08\/quest-ce-que-le-langage-neutre-et-inclusif#breadcrumb\"},\"inLanguage\":\"fr-FR\",\"potentialAction\":[{\"@type\":\"ReadAction\",\"target\":[\"https:\/\/mytransgenderdate.com\/fr\/blog\/2024\/08\/quest-ce-que-le-langage-neutre-et-inclusif\"]}]},{\"@type\":\"ImageObject\",\"inLanguage\":\"fr-FR\",\"@id\":\"https:\/\/mytransgenderdate.com\/fr\/blog\/2024\/08\/quest-ce-que-le-langage-neutre-et-inclusif#primaryimage\",\"url\":\"https:\/\/mytransgenderdate.com\/fr\/blog\/wp-content\/uploads\/sites\/5\/2024\/08\/Featured_Image.jpg\",\"contentUrl\":\"https:\/\/mytransgenderdate.com\/fr\/blog\/wp-content\/uploads\/sites\/5\/2024\/08\/Featured_Image.jpg\",\"width\":985,\"height\":652},{\"@type\":\"BreadcrumbList\",\"@id\":\"https:\/\/mytransgenderdate.com\/fr\/blog\/2024\/08\/quest-ce-que-le-langage-neutre-et-inclusif#breadcrumb\",\"itemListElement\":[{\"@type\":\"ListItem\",\"position\":1,\"name\":\"Home\",\"item\":\"https:\/\/mytransgenderdate.com\/fr\/blog\"},{\"@type\":\"ListItem\",\"position\":2,\"name\":\"Qu&rsquo;est ce que le langage neutre et inclusif ?\"}]},{\"@type\":\"WebSite\",\"@id\":\"https:\/\/mytransgenderdate.com\/fr\/blog\/#website\",\"url\":\"https:\/\/mytransgenderdate.com\/fr\/blog\/\",\"name\":\"My Transgender Blog\",\"description\":\"Rencontres de qualit\u00e9 pour femmes transgenres \/ transsexuelles et mecs biens\",\"potentialAction\":[{\"@type\":\"SearchAction\",\"target\":{\"@type\":\"EntryPoint\",\"urlTemplate\":\"https:\/\/mytransgenderdate.com\/fr\/blog\/?s={search_term_string}\"},\"query-input\":{\"@type\":\"PropertyValueSpecification\",\"valueRequired\":true,\"valueName\":\"search_term_string\"}}],\"inLanguage\":\"fr-FR\"},{\"@type\":\"Person\",\"@id\":\"https:\/\/mytransgenderdate.com\/fr\/blog\/#\/schema\/person\/4a539c6eb4c5ea1eae736bc6f474722e\",\"name\":\"Amanda Valentine Dela Cruz\",\"image\":{\"@type\":\"ImageObject\",\"inLanguage\":\"fr-FR\",\"@id\":\"https:\/\/mytransgenderdate.com\/fr\/blog\/#\/schema\/person\/image\/\",\"url\":\"https:\/\/secure.gravatar.com\/avatar\/127737b0600db04b2fa568a8b7c1625a7e6933ae1eb06d928597b09b45e597e2?s=96&d=mm&r=g\",\"contentUrl\":\"https:\/\/secure.gravatar.com\/avatar\/127737b0600db04b2fa568a8b7c1625a7e6933ae1eb06d928597b09b45e597e2?s=96&d=mm&r=g\",\"caption\":\"Amanda Valentine Dela Cruz\"},\"description\":\"Amanda Valentine is a transgender woman who has written about trans topics for over 10 years for My Transgender Date. She is an author who made it on Amazon\u2019s best-seller list by writing 5 books on trans women\u2019s relationships. Her book \u201cDating Transgender Women for Gentlemen\u201d peaked at #3 in the Transgender Studies category on Amazon. She started writing at the age of 10 and won a poetry contest in 4th grade which convinced her to pursue a career in literature. Her personal experiences as a transgender woman give her a unique perspective on trans topics.\",\"sameAs\":[\"https:\/\/dtwfgbook.abramspublishinghouse.com\",\"https:\/\/www.instagram.com\/amandavdelacruz\/\",\"https:\/\/www.linkedin.com\/in\/amanda-valentine-dela-cruz-82b5641a6\/\",\"https:\/\/x.com\/https:\/\/x.com\/amandavdelacruz\"],\"url\":\"https:\/\/mytransgenderdate.com\/fr\/blog\/author\/amanda\"}]}<\/script>\n<!-- \/ Yoast SEO plugin. -->","yoast_head_json":{"title":"Qu'est ce que le langage neutre et inclusif ? - My Transgender Blog","description":"Le langage neutre est un langage qui prot\u00e8ge les individus d'un sexe ou d'un genre social particulier contre les biais.","robots":{"index":"index","follow":"follow","max-snippet":"max-snippet:-1","max-image-preview":"max-image-preview:large","max-video-preview":"max-video-preview:-1"},"canonical":"https:\/\/mytransgenderdate.com\/fr\/blog\/2024\/08\/quest-ce-que-le-langage-neutre-et-inclusif","og_locale":"fr_FR","og_type":"article","og_title":"Qu'est ce que le langage neutre et inclusif ? - My Transgender Blog","og_description":"Le langage neutre est un langage qui prot\u00e8ge les individus d'un sexe ou d'un genre social particulier contre les biais.","og_url":"https:\/\/mytransgenderdate.com\/fr\/blog\/2024\/08\/quest-ce-que-le-langage-neutre-et-inclusif","og_site_name":"My Transgender Blog","article_publisher":"https:\/\/www.facebook.com\/myTSdate","article_published_time":"2024-08-09T01:00:00+00:00","og_image":[{"width":985,"height":652,"url":"https:\/\/mytransgenderdate.com\/fr\/blog\/wp-content\/uploads\/sites\/5\/2024\/08\/Featured_Image.jpg","type":"image\/jpeg"}],"author":"Amanda Valentine Dela Cruz","twitter_card":"summary_large_image","twitter_creator":"@https:\/\/x.com\/amandavdelacruz","twitter_site":"@MyTranssexual","twitter_misc":{"\u00c9crit par":"Amanda Valentine Dela Cruz","Dur\u00e9e de lecture estim\u00e9e":"8 minutes"},"schema":{"@context":"https:\/\/schema.org","@graph":[{"@type":"Article","@id":"https:\/\/mytransgenderdate.com\/fr\/blog\/2024\/08\/quest-ce-que-le-langage-neutre-et-inclusif#article","isPartOf":{"@id":"https:\/\/mytransgenderdate.com\/fr\/blog\/2024\/08\/quest-ce-que-le-langage-neutre-et-inclusif"},"author":{"name":"Amanda Valentine Dela Cruz","@id":"https:\/\/mytransgenderdate.com\/fr\/blog\/#\/schema\/person\/4a539c6eb4c5ea1eae736bc6f474722e"},"headline":"Qu&rsquo;est ce que le langage neutre et inclusif ?","datePublished":"2024-08-09T01:00:00+00:00","mainEntityOfPage":{"@id":"https:\/\/mytransgenderdate.com\/fr\/blog\/2024\/08\/quest-ce-que-le-langage-neutre-et-inclusif"},"wordCount":1404,"commentCount":0,"image":{"@id":"https:\/\/mytransgenderdate.com\/fr\/blog\/2024\/08\/quest-ce-que-le-langage-neutre-et-inclusif#primaryimage"},"thumbnailUrl":"https:\/\/mytransgenderdate.com\/fr\/blog\/wp-content\/uploads\/sites\/5\/2024\/08\/Featured_Image.jpg","keywords":["FAQ","featured"],"articleSection":["Informatif"],"inLanguage":"fr-FR","potentialAction":[{"@type":"CommentAction","name":"Comment","target":["https:\/\/mytransgenderdate.com\/fr\/blog\/2024\/08\/quest-ce-que-le-langage-neutre-et-inclusif#respond"]}]},{"@type":"WebPage","@id":"https:\/\/mytransgenderdate.com\/fr\/blog\/2024\/08\/quest-ce-que-le-langage-neutre-et-inclusif","url":"https:\/\/mytransgenderdate.com\/fr\/blog\/2024\/08\/quest-ce-que-le-langage-neutre-et-inclusif","name":"Qu'est ce que le langage neutre et inclusif ? - My Transgender Blog","isPartOf":{"@id":"https:\/\/mytransgenderdate.com\/fr\/blog\/#website"},"primaryImageOfPage":{"@id":"https:\/\/mytransgenderdate.com\/fr\/blog\/2024\/08\/quest-ce-que-le-langage-neutre-et-inclusif#primaryimage"},"image":{"@id":"https:\/\/mytransgenderdate.com\/fr\/blog\/2024\/08\/quest-ce-que-le-langage-neutre-et-inclusif#primaryimage"},"thumbnailUrl":"https:\/\/mytransgenderdate.com\/fr\/blog\/wp-content\/uploads\/sites\/5\/2024\/08\/Featured_Image.jpg","datePublished":"2024-08-09T01:00:00+00:00","author":{"@id":"https:\/\/mytransgenderdate.com\/fr\/blog\/#\/schema\/person\/4a539c6eb4c5ea1eae736bc6f474722e"},"description":"Le langage neutre est un langage qui prot\u00e8ge les individus d'un sexe ou d'un genre social particulier contre les biais.","breadcrumb":{"@id":"https:\/\/mytransgenderdate.com\/fr\/blog\/2024\/08\/quest-ce-que-le-langage-neutre-et-inclusif#breadcrumb"},"inLanguage":"fr-FR","potentialAction":[{"@type":"ReadAction","target":["https:\/\/mytransgenderdate.com\/fr\/blog\/2024\/08\/quest-ce-que-le-langage-neutre-et-inclusif"]}]},{"@type":"ImageObject","inLanguage":"fr-FR","@id":"https:\/\/mytransgenderdate.com\/fr\/blog\/2024\/08\/quest-ce-que-le-langage-neutre-et-inclusif#primaryimage","url":"https:\/\/mytransgenderdate.com\/fr\/blog\/wp-content\/uploads\/sites\/5\/2024\/08\/Featured_Image.jpg","contentUrl":"https:\/\/mytransgenderdate.com\/fr\/blog\/wp-content\/uploads\/sites\/5\/2024\/08\/Featured_Image.jpg","width":985,"height":652},{"@type":"BreadcrumbList","@id":"https:\/\/mytransgenderdate.com\/fr\/blog\/2024\/08\/quest-ce-que-le-langage-neutre-et-inclusif#breadcrumb","itemListElement":[{"@type":"ListItem","position":1,"name":"Home","item":"https:\/\/mytransgenderdate.com\/fr\/blog"},{"@type":"ListItem","position":2,"name":"Qu&rsquo;est ce que le langage neutre et inclusif ?"}]},{"@type":"WebSite","@id":"https:\/\/mytransgenderdate.com\/fr\/blog\/#website","url":"https:\/\/mytransgenderdate.com\/fr\/blog\/","name":"My Transgender Blog","description":"Rencontres de qualit\u00e9 pour femmes transgenres \/ transsexuelles et mecs biens","potentialAction":[{"@type":"SearchAction","target":{"@type":"EntryPoint","urlTemplate":"https:\/\/mytransgenderdate.com\/fr\/blog\/?s={search_term_string}"},"query-input":{"@type":"PropertyValueSpecification","valueRequired":true,"valueName":"search_term_string"}}],"inLanguage":"fr-FR"},{"@type":"Person","@id":"https:\/\/mytransgenderdate.com\/fr\/blog\/#\/schema\/person\/4a539c6eb4c5ea1eae736bc6f474722e","name":"Amanda Valentine Dela Cruz","image":{"@type":"ImageObject","inLanguage":"fr-FR","@id":"https:\/\/mytransgenderdate.com\/fr\/blog\/#\/schema\/person\/image\/","url":"https:\/\/secure.gravatar.com\/avatar\/127737b0600db04b2fa568a8b7c1625a7e6933ae1eb06d928597b09b45e597e2?s=96&d=mm&r=g","contentUrl":"https:\/\/secure.gravatar.com\/avatar\/127737b0600db04b2fa568a8b7c1625a7e6933ae1eb06d928597b09b45e597e2?s=96&d=mm&r=g","caption":"Amanda Valentine Dela Cruz"},"description":"Amanda Valentine is a transgender woman who has written about trans topics for over 10 years for My Transgender Date. She is an author who made it on Amazon\u2019s best-seller list by writing 5 books on trans women\u2019s relationships. Her book \u201cDating Transgender Women for Gentlemen\u201d peaked at #3 in the Transgender Studies category on Amazon. She started writing at the age of 10 and won a poetry contest in 4th grade which convinced her to pursue a career in literature. Her personal experiences as a transgender woman give her a unique perspective on trans topics.","sameAs":["https:\/\/dtwfgbook.abramspublishinghouse.com","https:\/\/www.instagram.com\/amandavdelacruz\/","https:\/\/www.linkedin.com\/in\/amanda-valentine-dela-cruz-82b5641a6\/","https:\/\/x.com\/https:\/\/x.com\/amandavdelacruz"],"url":"https:\/\/mytransgenderdate.com\/fr\/blog\/author\/amanda"}]}},"_links":{"self":[{"href":"https:\/\/mytransgenderdate.com\/fr\/blog\/wp-json\/wp\/v2\/posts\/3243","targetHints":{"allow":["GET"]}}],"collection":[{"href":"https:\/\/mytransgenderdate.com\/fr\/blog\/wp-json\/wp\/v2\/posts"}],"about":[{"href":"https:\/\/mytransgenderdate.com\/fr\/blog\/wp-json\/wp\/v2\/types\/post"}],"author":[{"embeddable":true,"href":"https:\/\/mytransgenderdate.com\/fr\/blog\/wp-json\/wp\/v2\/users\/4"}],"replies":[{"embeddable":true,"href":"https:\/\/mytransgenderdate.com\/fr\/blog\/wp-json\/wp\/v2\/comments?post=3243"}],"version-history":[{"count":9,"href":"https:\/\/mytransgenderdate.com\/fr\/blog\/wp-json\/wp\/v2\/posts\/3243\/revisions"}],"predecessor-version":[{"id":3309,"href":"https:\/\/mytransgenderdate.com\/fr\/blog\/wp-json\/wp\/v2\/posts\/3243\/revisions\/3309"}],"wp:featuredmedia":[{"embeddable":true,"href":"https:\/\/mytransgenderdate.com\/fr\/blog\/wp-json\/wp\/v2\/media\/3310"}],"wp:attachment":[{"href":"https:\/\/mytransgenderdate.com\/fr\/blog\/wp-json\/wp\/v2\/media?parent=3243"}],"wp:term":[{"taxonomy":"category","embeddable":true,"href":"https:\/\/mytransgenderdate.com\/fr\/blog\/wp-json\/wp\/v2\/categories?post=3243"},{"taxonomy":"post_tag","embeddable":true,"href":"https:\/\/mytransgenderdate.com\/fr\/blog\/wp-json\/wp\/v2\/tags?post=3243"}],"curies":[{"name":"wp","href":"https:\/\/api.w.org\/{rel}","templated":true}]}}